{"id":10068,"date":"2023-10-26T11:01:24","date_gmt":"2023-10-26T09:01:24","guid":{"rendered":"https:\/\/quebriac.fr\/webcommune\/?p=10068"},"modified":"2023-10-26T11:01:24","modified_gmt":"2023-10-26T09:01:24","slug":"securisation-des-festivites-dhalloween-reglementation-feux-dartifices-produits-dangereux-et-alcool-a-emporter","status":"publish","type":"post","link":"https:\/\/quebriac.fr\/webcommune\/?p=10068","title":{"rendered":"S\u00e9curisation des festivit\u00e9s d&rsquo;Halloween : r\u00e9glementation feux d&rsquo;artifices, produits dangereux et alcool \u00e0 emporter"},"content":{"rendered":"<p>Nous vous prions de bien vouloir trouver ci-joint deux arr\u00eat\u00e9s sign\u00e9s par M. le Pr\u00e9fet d&rsquo;Ille-et-Vilaine <!--more-->et visant \u00e0 s\u00e9curiser les festivit\u00e9s d&rsquo;Halloween qui donnent r\u00e9guli\u00e8rement lieu \u00e0 des actes d\u00e9lictueux.<\/p>\n<p><a href=\"https:\/\/quebriac.fr\/webcommune\/wp-content\/uploads\/2023\/10\/20231025_AP_Halloween_interdiction_FA_liquides_inflammables.pdf\" target=\"_blank\" rel=\"noopener\">Arr\u00eat\u00e9 pr\u00e9fectoral_Halloween_interdiction_FA_liquides_inflammables<\/a><\/p>\n<p><a href=\"https:\/\/quebriac.fr\/webcommune\/wp-content\/uploads\/2023\/10\/20231025_AP_Halloween_interdiction_alcool.pdf\" target=\"_blank\" rel=\"noopener\">Arr\u00eat\u00e9 pr\u00e9fectoral_Halloween_interdiction_alcool<\/a><\/p>\n","protected":false},"excerpt":{"rendered":"<p>Nous vous prions de bien vouloir trouver ci-joint deux arr\u00eat\u00e9s sign\u00e9s par M. le Pr\u00e9fet d&rsquo;Ille-et-Vilaine<\/p>\n<p class=\"continue-reading-button\"> <a class=\"continue-reading-link\" href=\"https:\/\/quebriac.fr\/webcommune\/?p=10068\">La suite&#8230;<i class=\"crycon-right-dir\"><\/i><\/a><\/p>\n","protected":false},"author":2,"featured_media":1164,"comment_status":"closed","ping_status":"closed","sticky":false,"template":"","format":"standard","meta":{"footnotes":""},"categories":[4],"tags":[],"class_list":["post-10068","post","type-post","status-publish","format-standard","has-post-thumbnail","hentry","category-arrete"],"_links":{"self":[{"href":"https:\/\/quebriac.fr\/webcommune\/index.php?rest_route=\/wp\/v2\/posts\/10068"}],"collection":[{"href":"https:\/\/quebriac.fr\/webcommune\/index.php?rest_route=\/wp\/v2\/posts"}],"about":[{"href":"https:\/\/quebriac.fr\/webcommune\/index.php?rest_route=\/wp\/v2\/types\/post"}],"author":[{"embeddable":true,"href":"https:\/\/quebriac.fr\/webcommune\/index.php?rest_route=\/wp\/v2\/users\/2"}],"replies":[{"embeddable":true,"href":"https:\/\/quebriac.fr\/webcommune\/index.php?rest_route=%2Fwp%2Fv2%2Fcomments&post=10068"}],"version-history":[{"count":1,"href":"https:\/\/quebriac.fr\/webcommune\/index.php?rest_route=\/wp\/v2\/posts\/10068\/revisions"}],"predecessor-version":[{"id":10071,"href":"https:\/\/quebriac.fr\/webcommune\/index.php?rest_route=\/wp\/v2\/posts\/10068\/revisions\/10071"}],"wp:featuredmedia":[{"embeddable":true,"href":"https:\/\/quebriac.fr\/webcommune\/index.php?rest_route=\/wp\/v2\/media\/1164"}],"wp:attachment":[{"href":"https:\/\/quebriac.fr\/webcommune\/index.php?rest_route=%2Fwp%2Fv2%2Fmedia&parent=10068"}],"wp:term":[{"taxonomy":"category","embeddable":true,"href":"https:\/\/quebriac.fr\/webcommune\/index.php?rest_route=%2Fwp%2Fv2%2Fcategories&post=10068"},{"taxonomy":"post_tag","embeddable":true,"href":"https:\/\/quebriac.fr\/webcommune\/index.php?rest_route=%2Fwp%2Fv2%2Ftags&post=10068"}],"curies":[{"name":"wp","href":"https:\/\/api.w.org\/{rel}","templated":true}]}}