{"id":10340,"date":"2023-12-05T14:23:57","date_gmt":"2023-12-05T12:23:57","guid":{"rendered":"https:\/\/quebriac.fr\/webcommune\/?p=10340"},"modified":"2023-12-07T11:10:47","modified_gmt":"2023-12-07T09:10:47","slug":"creche-de-lormel","status":"publish","type":"post","link":"https:\/\/quebriac.fr\/webcommune\/?p=10340","title":{"rendered":"Cr\u00e8che de l&rsquo;Ormel"},"content":{"rendered":"<p>La cr\u00e8che install\u00e9e autour de l&rsquo;\u00e9glise de Qu\u00e9briac a \u00e9t\u00e9 inaugur\u00e9e samedi 2 d\u00e9cembre et sera visible jusqu&rsquo;au 8 janvier.<\/p>\n<p><span class=\"x193iq5w xeuugli x13faqbe x1vvkbs x1xmvt09 x1lliihq x1s928wv xhkezso x1gmr53x x1cpjm7i x1fgarty x1943h6x xudqn12 x3x7a5m x6prxxf xvq8zen xo1l8bm xzsf02u x1yc453h\" dir=\"auto\">Elle sera illumin\u00e9e tous les jours de 17h \u00e0 22h et toute la nuit de No\u00ebl et du jour de l&rsquo;an.<\/span><\/p>\n<p><img loading=\"lazy\" decoding=\"async\" class=\"alignnone size-full wp-image-10341\" src=\"https:\/\/quebriac.fr\/webcommune\/wp-content\/uploads\/2023\/12\/DSC_0103.jpg\" alt=\"\" width=\"1000\" height=\"665\" srcset=\"https:\/\/quebriac.fr\/webcommune\/wp-content\/uploads\/2023\/12\/DSC_0103.jpg 1000w, https:\/\/quebriac.fr\/webcommune\/wp-content\/uploads\/2023\/12\/DSC_0103-300x200.jpg 300w, https:\/\/quebriac.fr\/webcommune\/wp-content\/uploads\/2023\/12\/DSC_0103-768x511.jpg 768w, https:\/\/quebriac.fr\/webcommune\/wp-content\/uploads\/2023\/12\/DSC_0103-150x100.jpg 150w, https:\/\/quebriac.fr\/webcommune\/wp-content\/uploads\/2023\/12\/DSC_0103-272x182.jpg 272w\" sizes=\"(max-width: 1000px) 100vw, 1000px\" \/> <img loading=\"lazy\" decoding=\"async\" class=\"alignnone size-large wp-image-10343\" src=\"https:\/\/quebriac.fr\/webcommune\/wp-content\/uploads\/2023\/12\/DSC_0096.jpg\" alt=\"\" width=\"820\" height=\"545\" srcset=\"https:\/\/quebriac.fr\/webcommune\/wp-content\/uploads\/2023\/12\/DSC_0096.jpg 1000w, https:\/\/quebriac.fr\/webcommune\/wp-content\/uploads\/2023\/12\/DSC_0096-300x200.jpg 300w, https:\/\/quebriac.fr\/webcommune\/wp-content\/uploads\/2023\/12\/DSC_0096-768x511.jpg 768w, https:\/\/quebriac.fr\/webcommune\/wp-content\/uploads\/2023\/12\/DSC_0096-150x100.jpg 150w, https:\/\/quebriac.fr\/webcommune\/wp-content\/uploads\/2023\/12\/DSC_0096-272x182.jpg 272w\" sizes=\"(max-width: 820px) 100vw, 820px\" \/> <img loading=\"lazy\" decoding=\"async\" class=\"alignnone size-large wp-image-10344\" src=\"https:\/\/quebriac.fr\/webcommune\/wp-content\/uploads\/2023\/12\/DSC_0091.jpg\" alt=\"\" width=\"820\" height=\"545\" srcset=\"https:\/\/quebriac.fr\/webcommune\/wp-content\/uploads\/2023\/12\/DSC_0091.jpg 1000w, https:\/\/quebriac.fr\/webcommune\/wp-content\/uploads\/2023\/12\/DSC_0091-300x200.jpg 300w, https:\/\/quebriac.fr\/webcommune\/wp-content\/uploads\/2023\/12\/DSC_0091-768x511.jpg 768w, https:\/\/quebriac.fr\/webcommune\/wp-content\/uploads\/2023\/12\/DSC_0091-150x100.jpg 150w, https:\/\/quebriac.fr\/webcommune\/wp-content\/uploads\/2023\/12\/DSC_0091-272x182.jpg 272w\" sizes=\"(max-width: 820px) 100vw, 820px\" \/><\/p>\n<p><img loading=\"lazy\" decoding=\"async\" class=\"alignnone size-full wp-image-10347\" src=\"https:\/\/quebriac.fr\/webcommune\/wp-content\/uploads\/2023\/12\/DSC_0099.jpg\" alt=\"\" width=\"1000\" height=\"665\" srcset=\"https:\/\/quebriac.fr\/webcommune\/wp-content\/uploads\/2023\/12\/DSC_0099.jpg 1000w, https:\/\/quebriac.fr\/webcommune\/wp-content\/uploads\/2023\/12\/DSC_0099-300x200.jpg 300w, https:\/\/quebriac.fr\/webcommune\/wp-content\/uploads\/2023\/12\/DSC_0099-768x511.jpg 768w, https:\/\/quebriac.fr\/webcommune\/wp-content\/uploads\/2023\/12\/DSC_0099-150x100.jpg 150w, https:\/\/quebriac.fr\/webcommune\/wp-content\/uploads\/2023\/12\/DSC_0099-272x182.jpg 272w\" sizes=\"(max-width: 1000px) 100vw, 1000px\" \/><\/p>\n","protected":false},"excerpt":{"rendered":"<p>La cr\u00e8che install\u00e9e autour de l&rsquo;\u00e9glise de Qu\u00e9briac a \u00e9t\u00e9 inaugur\u00e9e samedi 2 d\u00e9cembre et sera visible jusqu&rsquo;au 8 janvier. Elle sera illumin\u00e9e tous les jours de 17h \u00e0 22h\u2026<\/p>\n<p class=\"continue-reading-button\"> <a class=\"continue-reading-link\" href=\"https:\/\/quebriac.fr\/webcommune\/?p=10340\">La suite&#8230;<i class=\"crycon-right-dir\"><\/i><\/a><\/p>\n","protected":false},"author":1,"featured_media":0,"comment_status":"closed","ping_status":"closed","sticky":false,"template":"","format":"standard","meta":{"footnotes":""},"categories":[1],"tags":[],"class_list":["post-10340","post","type-post","status-publish","format-standard","hentry","category-non-classe"],"_links":{"self":[{"href":"https:\/\/quebriac.fr\/webcommune\/index.php?rest_route=\/wp\/v2\/posts\/10340"}],"collection":[{"href":"https:\/\/quebriac.fr\/webcommune\/index.php?rest_route=\/wp\/v2\/posts"}],"about":[{"href":"https:\/\/quebriac.fr\/webcommune\/index.php?rest_route=\/wp\/v2\/types\/post"}],"author":[{"embeddable":true,"href":"https:\/\/quebriac.fr\/webcommune\/index.php?rest_route=\/wp\/v2\/users\/1"}],"replies":[{"embeddable":true,"href":"https:\/\/quebriac.fr\/webcommune\/index.php?rest_route=%2Fwp%2Fv2%2Fcomments&post=10340"}],"version-history":[{"count":5,"href":"https:\/\/quebriac.fr\/webcommune\/index.php?rest_route=\/wp\/v2\/posts\/10340\/revisions"}],"predecessor-version":[{"id":10352,"href":"https:\/\/quebriac.fr\/webcommune\/index.php?rest_route=\/wp\/v2\/posts\/10340\/revisions\/10352"}],"wp:attachment":[{"href":"https:\/\/quebriac.fr\/webcommune\/index.php?rest_route=%2Fwp%2Fv2%2Fmedia&parent=10340"}],"wp:term":[{"taxonomy":"category","embeddable":true,"href":"https:\/\/quebriac.fr\/webcommune\/index.php?rest_route=%2Fwp%2Fv2%2Fcategories&post=10340"},{"taxonomy":"post_tag","embeddable":true,"href":"https:\/\/quebriac.fr\/webcommune\/index.php?rest_route=%2Fwp%2Fv2%2Ftags&post=10340"}],"curies":[{"name":"wp","href":"https:\/\/api.w.org\/{rel}","templated":true}]}}