{"id":10518,"date":"2024-02-03T10:16:19","date_gmt":"2024-02-03T08:16:19","guid":{"rendered":"https:\/\/quebriac.fr\/webcommune\/?p=10518"},"modified":"2024-02-03T10:17:51","modified_gmt":"2024-02-03T08:17:51","slug":"declaloc","status":"publish","type":"post","link":"https:\/\/quebriac.fr\/webcommune\/?p=10518","title":{"rendered":"D\u00e9claloc"},"content":{"rendered":"<p class=\"ox-70b50eafe3-MsoNormal\">Chers h\u00e9bergeurs,<\/p>\n<p class=\"ox-70b50eafe3-MsoNormal\">La commune met \u00e0 votre disposition le t\u00e9l\u00e9service de d\u00e9claration pr\u00e9alable \u00e0 l&rsquo;activit\u00e9 des meubl\u00e9s de tourisme et des chambres d&rsquo;h\u00f4tes gr\u00e2ce \u00e0 l\u2019outil-logiciel Declaloc. La d\u00e9mat\u00e9rialisation du service, accessible \u00e0 tout moment, permet \u00e0 l\u2019usager de proc\u00e9der \u00e0 sa d\u00e9claration d&rsquo;activit\u00e9 et de recevoir automatiquement un r\u00e9c\u00e9piss\u00e9 de d\u00e9claration.<\/p>\n<p><a href=\"https:\/\/www.declaloc.fr\/\" target=\"_blank\" rel=\"noopener\">https:\/\/www.declaloc.fr\/<\/a><\/p>\n<p><img loading=\"lazy\" decoding=\"async\" class=\"alignnone wp-image-10519\" src=\"https:\/\/quebriac.fr\/webcommune\/wp-content\/uploads\/2024\/02\/logo-declaloc2.jpg\" alt=\"\" width=\"449\" height=\"197\" srcset=\"https:\/\/quebriac.fr\/webcommune\/wp-content\/uploads\/2024\/02\/logo-declaloc2.jpg 650w, https:\/\/quebriac.fr\/webcommune\/wp-content\/uploads\/2024\/02\/logo-declaloc2-300x132.jpg 300w, https:\/\/quebriac.fr\/webcommune\/wp-content\/uploads\/2024\/02\/logo-declaloc2-150x66.jpg 150w\" sizes=\"(max-width: 449px) 100vw, 449px\" \/><\/p>\n","protected":false},"excerpt":{"rendered":"<p>Chers h\u00e9bergeurs, La commune met \u00e0 votre disposition le t\u00e9l\u00e9service de d\u00e9claration pr\u00e9alable \u00e0 l&rsquo;activit\u00e9 des meubl\u00e9s de tourisme et des chambres d&rsquo;h\u00f4tes gr\u00e2ce \u00e0 l\u2019outil-logiciel Declaloc. La d\u00e9mat\u00e9rialisation du\u2026<\/p>\n<p class=\"continue-reading-button\"> <a class=\"continue-reading-link\" href=\"https:\/\/quebriac.fr\/webcommune\/?p=10518\">La suite&#8230;<i class=\"crycon-right-dir\"><\/i><\/a><\/p>\n","protected":false},"author":1,"featured_media":10522,"comment_status":"closed","ping_status":"closed","sticky":false,"template":"","format":"standard","meta":{"footnotes":""},"categories":[17],"tags":[],"class_list":["post-10518","post","type-post","status-publish","format-standard","has-post-thumbnail","hentry","category-les-chambres-dhotes"],"_links":{"self":[{"href":"https:\/\/quebriac.fr\/webcommune\/index.php?rest_route=\/wp\/v2\/posts\/10518"}],"collection":[{"href":"https:\/\/quebriac.fr\/webcommune\/index.php?rest_route=\/wp\/v2\/posts"}],"about":[{"href":"https:\/\/quebriac.fr\/webcommune\/index.php?rest_route=\/wp\/v2\/types\/post"}],"author":[{"embeddable":true,"href":"https:\/\/quebriac.fr\/webcommune\/index.php?rest_route=\/wp\/v2\/users\/1"}],"replies":[{"embeddable":true,"href":"https:\/\/quebriac.fr\/webcommune\/index.php?rest_route=%2Fwp%2Fv2%2Fcomments&post=10518"}],"version-history":[{"count":1,"href":"https:\/\/quebriac.fr\/webcommune\/index.php?rest_route=\/wp\/v2\/posts\/10518\/revisions"}],"predecessor-version":[{"id":10521,"href":"https:\/\/quebriac.fr\/webcommune\/index.php?rest_route=\/wp\/v2\/posts\/10518\/revisions\/10521"}],"wp:featuredmedia":[{"embeddable":true,"href":"https:\/\/quebriac.fr\/webcommune\/index.php?rest_route=\/wp\/v2\/media\/10522"}],"wp:attachment":[{"href":"https:\/\/quebriac.fr\/webcommune\/index.php?rest_route=%2Fwp%2Fv2%2Fmedia&parent=10518"}],"wp:term":[{"taxonomy":"category","embeddable":true,"href":"https:\/\/quebriac.fr\/webcommune\/index.php?rest_route=%2Fwp%2Fv2%2Fcategories&post=10518"},{"taxonomy":"post_tag","embeddable":true,"href":"https:\/\/quebriac.fr\/webcommune\/index.php?rest_route=%2Fwp%2Fv2%2Ftags&post=10518"}],"curies":[{"name":"wp","href":"https:\/\/api.w.org\/{rel}","templated":true}]}}