{"id":10556,"date":"2024-02-23T13:09:03","date_gmt":"2024-02-23T11:09:03","guid":{"rendered":"https:\/\/quebriac.fr\/webcommune\/?p=10556"},"modified":"2024-02-23T13:13:30","modified_gmt":"2024-02-23T11:13:30","slug":"je-minscris-sur-les-listes-electorales","status":"publish","type":"post","link":"https:\/\/quebriac.fr\/webcommune\/?p=10556","title":{"rendered":"Je m&rsquo;inscris sur les listes \u00e9lectorales"},"content":{"rendered":"<p>Pour pouvoir voter aux prochaines \u00e9lections,<!--more--> il est n\u00e9cessaire de vous inscrire sur les listes \u00e9lectorales de votre commune.<\/p>\n<p><a href=\"https:\/\/www.service-public.fr\/particuliers\/vosdroits\/R16396\" target=\"_blank\" rel=\"noopener\"><strong>\u21d2<\/strong>Inscription en ligne<\/a><\/p>\n<p>L&rsquo;inscription sur les listes \u00e9lectorales est une d\u00e9marche gratuite.<\/p>\n<p>Pour voter lors des \u00e9lections europ\u00e9ennes 2024, vous devez faire cette d\u00e9marche en ligne\u00a0au plus tard le 1<sup>er<\/sup>\u00a0mai 2024.<\/p>\n<p>&nbsp;<\/p>\n<p data-test=\"contenu-texte\">L&rsquo;<abbr class=\"tool-tip\" tabindex=\"0\" data-toggle=\"tooltip\" data-acronyme=\"R12417\" data-original-title=\"Insee\u00a0:\u00a0Institut national de la statistique et des \u00e9tudes \u00e9conomiques\">Insee<span class=\"fr-sr-only\">: Insee\u00a0:\u00a0Institut national de la statistique et des \u00e9tudes \u00e9conomiques<\/span><\/abbr>\u00a0vous inscrit automatiquement lorsque vous atteignez l&rsquo;\u00e2ge de 18\u00a0ans.<\/p>\n<p data-test=\"contenu-texte\">L&rsquo;Insee se base sur les informations que vous avez donn\u00e9es lors de votre\u00a0<a href=\"https:\/\/www.service-public.fr\/particuliers\/vosdroits\/F870\">recensement citoyen<\/a>.<\/p>\n<p data-test=\"contenu-texte\">En cons\u00e9quence, vous \u00eates inscrit d&rsquo;office sur la liste \u00e9lectorale de la commune o\u00f9 vous vous \u00eates fait recenser (Recensement citoyen).<\/p>\n<p data-test=\"contenu-texte\"><a href=\"https:\/\/www.elections.interieur.gouv.fr\/mes-demarches\/je-minscris-sur-listes-electorales\" target=\"_blank\" rel=\"noopener\">\u21d2+ d&rsquo;INFOS<\/a><\/p>\n<p data-test=\"contenu-texte\"><a href=\"https:\/\/www.service-public.fr\/particuliers\/vosdroits\/F1961\" target=\"_blank\" rel=\"noopener\">\u21d2Inscription d&rsquo;office<\/a><\/p>\n<p>&nbsp;<\/p>\n<p>&nbsp;<\/p>\n","protected":false},"excerpt":{"rendered":"<p>Pour pouvoir voter aux prochaines \u00e9lections,<\/p>\n<p class=\"continue-reading-button\"> <a class=\"continue-reading-link\" href=\"https:\/\/quebriac.fr\/webcommune\/?p=10556\">La suite&#8230;<i class=\"crycon-right-dir\"><\/i><\/a><\/p>\n","protected":false},"author":2,"featured_media":3894,"comment_status":"closed","ping_status":"closed","sticky":false,"template":"","format":"standard","meta":{"footnotes":""},"categories":[1],"tags":[],"class_list":["post-10556","post","type-post","status-publish","format-standard","has-post-thumbnail","hentry","category-non-classe"],"_links":{"self":[{"href":"https:\/\/quebriac.fr\/webcommune\/index.php?rest_route=\/wp\/v2\/posts\/10556"}],"collection":[{"href":"https:\/\/quebriac.fr\/webcommune\/index.php?rest_route=\/wp\/v2\/posts"}],"about":[{"href":"https:\/\/quebriac.fr\/webcommune\/index.php?rest_route=\/wp\/v2\/types\/post"}],"author":[{"embeddable":true,"href":"https:\/\/quebriac.fr\/webcommune\/index.php?rest_route=\/wp\/v2\/users\/2"}],"replies":[{"embeddable":true,"href":"https:\/\/quebriac.fr\/webcommune\/index.php?rest_route=%2Fwp%2Fv2%2Fcomments&post=10556"}],"version-history":[{"count":3,"href":"https:\/\/quebriac.fr\/webcommune\/index.php?rest_route=\/wp\/v2\/posts\/10556\/revisions"}],"predecessor-version":[{"id":10559,"href":"https:\/\/quebriac.fr\/webcommune\/index.php?rest_route=\/wp\/v2\/posts\/10556\/revisions\/10559"}],"wp:featuredmedia":[{"embeddable":true,"href":"https:\/\/quebriac.fr\/webcommune\/index.php?rest_route=\/wp\/v2\/media\/3894"}],"wp:attachment":[{"href":"https:\/\/quebriac.fr\/webcommune\/index.php?rest_route=%2Fwp%2Fv2%2Fmedia&parent=10556"}],"wp:term":[{"taxonomy":"category","embeddable":true,"href":"https:\/\/quebriac.fr\/webcommune\/index.php?rest_route=%2Fwp%2Fv2%2Fcategories&post=10556"},{"taxonomy":"post_tag","embeddable":true,"href":"https:\/\/quebriac.fr\/webcommune\/index.php?rest_route=%2Fwp%2Fv2%2Ftags&post=10556"}],"curies":[{"name":"wp","href":"https:\/\/api.w.org\/{rel}","templated":true}]}}