{"id":11144,"date":"2024-10-29T14:21:14","date_gmt":"2024-10-29T12:21:14","guid":{"rendered":"https:\/\/quebriac.fr\/webcommune\/?p=11144"},"modified":"2024-11-02T17:27:01","modified_gmt":"2024-11-02T15:27:01","slug":"marche-de-noel-4","status":"publish","type":"post","link":"https:\/\/quebriac.fr\/webcommune\/?p=11144","title":{"rendered":"March\u00e9 de No\u00ebl"},"content":{"rendered":"<p>Le samedi 7 d\u00e9cembre de 17h \u00e0 21h<\/p>\n<p>Ouverture des inscriptions, r\u00e9ponse avant le 16 novembre.<\/p>\n<p><img loading=\"lazy\" decoding=\"async\" class=\"alignnone size-large wp-image-11145\" src=\"https:\/\/quebriac.fr\/webcommune\/wp-content\/uploads\/2024\/10\/marche_noel_2024-724x1024.jpg\" alt=\"\" width=\"724\" height=\"1024\" srcset=\"https:\/\/quebriac.fr\/webcommune\/wp-content\/uploads\/2024\/10\/marche_noel_2024-724x1024.jpg 724w, https:\/\/quebriac.fr\/webcommune\/wp-content\/uploads\/2024\/10\/marche_noel_2024-212x300.jpg 212w, https:\/\/quebriac.fr\/webcommune\/wp-content\/uploads\/2024\/10\/marche_noel_2024-768x1087.jpg 768w, https:\/\/quebriac.fr\/webcommune\/wp-content\/uploads\/2024\/10\/marche_noel_2024-1086x1536.jpg 1086w, https:\/\/quebriac.fr\/webcommune\/wp-content\/uploads\/2024\/10\/marche_noel_2024-106x150.jpg 106w, https:\/\/quebriac.fr\/webcommune\/wp-content\/uploads\/2024\/10\/marche_noel_2024.jpg 1200w\" sizes=\"(max-width: 724px) 100vw, 724px\" \/><\/p>\n","protected":false},"excerpt":{"rendered":"<p>Le samedi 7 d\u00e9cembre de 17h \u00e0 21h Ouverture des inscriptions, r\u00e9ponse avant le 16 novembre.<\/p>\n<p class=\"continue-reading-button\"> <a class=\"continue-reading-link\" href=\"https:\/\/quebriac.fr\/webcommune\/?p=11144\">La suite&#8230;<i class=\"crycon-right-dir\"><\/i><\/a><\/p>\n","protected":false},"author":1,"featured_media":0,"comment_status":"closed","ping_status":"closed","sticky":false,"template":"","format":"standard","meta":{"footnotes":""},"categories":[16],"tags":[],"class_list":["post-11144","post","type-post","status-publish","format-standard","hentry","category-la-vie-communale"],"_links":{"self":[{"href":"https:\/\/quebriac.fr\/webcommune\/index.php?rest_route=\/wp\/v2\/posts\/11144"}],"collection":[{"href":"https:\/\/quebriac.fr\/webcommune\/index.php?rest_route=\/wp\/v2\/posts"}],"about":[{"href":"https:\/\/quebriac.fr\/webcommune\/index.php?rest_route=\/wp\/v2\/types\/post"}],"author":[{"embeddable":true,"href":"https:\/\/quebriac.fr\/webcommune\/index.php?rest_route=\/wp\/v2\/users\/1"}],"replies":[{"embeddable":true,"href":"https:\/\/quebriac.fr\/webcommune\/index.php?rest_route=%2Fwp%2Fv2%2Fcomments&post=11144"}],"version-history":[{"count":2,"href":"https:\/\/quebriac.fr\/webcommune\/index.php?rest_route=\/wp\/v2\/posts\/11144\/revisions"}],"predecessor-version":[{"id":11209,"href":"https:\/\/quebriac.fr\/webcommune\/index.php?rest_route=\/wp\/v2\/posts\/11144\/revisions\/11209"}],"wp:attachment":[{"href":"https:\/\/quebriac.fr\/webcommune\/index.php?rest_route=%2Fwp%2Fv2%2Fmedia&parent=11144"}],"wp:term":[{"taxonomy":"category","embeddable":true,"href":"https:\/\/quebriac.fr\/webcommune\/index.php?rest_route=%2Fwp%2Fv2%2Fcategories&post=11144"},{"taxonomy":"post_tag","embeddable":true,"href":"https:\/\/quebriac.fr\/webcommune\/index.php?rest_route=%2Fwp%2Fv2%2Ftags&post=11144"}],"curies":[{"name":"wp","href":"https:\/\/api.w.org\/{rel}","templated":true}]}}