{"id":11424,"date":"2025-01-18T18:36:02","date_gmt":"2025-01-18T16:36:02","guid":{"rendered":"https:\/\/quebriac.fr\/webcommune\/?p=11424"},"modified":"2025-01-18T18:36:28","modified_gmt":"2025-01-18T16:36:28","slug":"arretes-temporaires-en-raison-dutrail-du-clocher-tors","status":"publish","type":"post","link":"https:\/\/quebriac.fr\/webcommune\/?p=11424","title":{"rendered":"Arr\u00eat\u00e9s temporaires en raison duTrail du Clocher Tors"},"content":{"rendered":"<p>Arr\u00eat\u00e9s temporaires de circulation et de stationnement\u00a0 le 19 janvier 2025<\/p>\n<p><img loading=\"lazy\" decoding=\"async\" class=\"alignnone size-large wp-image-11425\" src=\"https:\/\/quebriac.fr\/webcommune\/wp-content\/uploads\/2025\/01\/arrete1-724x1024.jpg\" alt=\"\" width=\"724\" height=\"1024\" srcset=\"https:\/\/quebriac.fr\/webcommune\/wp-content\/uploads\/2025\/01\/arrete1-724x1024.jpg 724w, https:\/\/quebriac.fr\/webcommune\/wp-content\/uploads\/2025\/01\/arrete1-212x300.jpg 212w, https:\/\/quebriac.fr\/webcommune\/wp-content\/uploads\/2025\/01\/arrete1-768x1086.jpg 768w, https:\/\/quebriac.fr\/webcommune\/wp-content\/uploads\/2025\/01\/arrete1-1086x1536.jpg 1086w, https:\/\/quebriac.fr\/webcommune\/wp-content\/uploads\/2025\/01\/arrete1-1448x2048.jpg 1448w, https:\/\/quebriac.fr\/webcommune\/wp-content\/uploads\/2025\/01\/arrete1-106x150.jpg 106w, https:\/\/quebriac.fr\/webcommune\/wp-content\/uploads\/2025\/01\/arrete1-scaled.jpg 1810w\" sizes=\"(max-width: 724px) 100vw, 724px\" \/><br \/>\n<img loading=\"lazy\" decoding=\"async\" class=\"alignnone size-large wp-image-11426\" src=\"https:\/\/quebriac.fr\/webcommune\/wp-content\/uploads\/2025\/01\/arrete2-724x1024.jpg\" alt=\"\" width=\"724\" height=\"1024\" srcset=\"https:\/\/quebriac.fr\/webcommune\/wp-content\/uploads\/2025\/01\/arrete2-724x1024.jpg 724w, https:\/\/quebriac.fr\/webcommune\/wp-content\/uploads\/2025\/01\/arrete2-212x300.jpg 212w, https:\/\/quebriac.fr\/webcommune\/wp-content\/uploads\/2025\/01\/arrete2-768x1086.jpg 768w, https:\/\/quebriac.fr\/webcommune\/wp-content\/uploads\/2025\/01\/arrete2-1086x1536.jpg 1086w, https:\/\/quebriac.fr\/webcommune\/wp-content\/uploads\/2025\/01\/arrete2-1448x2048.jpg 1448w, https:\/\/quebriac.fr\/webcommune\/wp-content\/uploads\/2025\/01\/arrete2-106x150.jpg 106w, https:\/\/quebriac.fr\/webcommune\/wp-content\/uploads\/2025\/01\/arrete2-scaled.jpg 1810w\" sizes=\"(max-width: 724px) 100vw, 724px\" \/><br \/>\n<img loading=\"lazy\" decoding=\"async\" class=\"alignnone size-large wp-image-11427\" src=\"https:\/\/quebriac.fr\/webcommune\/wp-content\/uploads\/2025\/01\/arrete3-724x1024.jpg\" alt=\"\" width=\"724\" height=\"1024\" srcset=\"https:\/\/quebriac.fr\/webcommune\/wp-content\/uploads\/2025\/01\/arrete3-724x1024.jpg 724w, https:\/\/quebriac.fr\/webcommune\/wp-content\/uploads\/2025\/01\/arrete3-212x300.jpg 212w, https:\/\/quebriac.fr\/webcommune\/wp-content\/uploads\/2025\/01\/arrete3-768x1086.jpg 768w, https:\/\/quebriac.fr\/webcommune\/wp-content\/uploads\/2025\/01\/arrete3-1086x1536.jpg 1086w, https:\/\/quebriac.fr\/webcommune\/wp-content\/uploads\/2025\/01\/arrete3-1448x2048.jpg 1448w, https:\/\/quebriac.fr\/webcommune\/wp-content\/uploads\/2025\/01\/arrete3-106x150.jpg 106w, https:\/\/quebriac.fr\/webcommune\/wp-content\/uploads\/2025\/01\/arrete3-scaled.jpg 1810w\" sizes=\"(max-width: 724px) 100vw, 724px\" \/><br \/>\n<img loading=\"lazy\" decoding=\"async\" class=\"alignnone size-large wp-image-11428\" src=\"https:\/\/quebriac.fr\/webcommune\/wp-content\/uploads\/2025\/01\/arrete4-724x1024.jpg\" alt=\"\" width=\"724\" height=\"1024\" srcset=\"https:\/\/quebriac.fr\/webcommune\/wp-content\/uploads\/2025\/01\/arrete4-724x1024.jpg 724w, https:\/\/quebriac.fr\/webcommune\/wp-content\/uploads\/2025\/01\/arrete4-212x300.jpg 212w, https:\/\/quebriac.fr\/webcommune\/wp-content\/uploads\/2025\/01\/arrete4-768x1086.jpg 768w, https:\/\/quebriac.fr\/webcommune\/wp-content\/uploads\/2025\/01\/arrete4-1086x1536.jpg 1086w, https:\/\/quebriac.fr\/webcommune\/wp-content\/uploads\/2025\/01\/arrete4-1448x2048.jpg 1448w, https:\/\/quebriac.fr\/webcommune\/wp-content\/uploads\/2025\/01\/arrete4-106x150.jpg 106w, https:\/\/quebriac.fr\/webcommune\/wp-content\/uploads\/2025\/01\/arrete4-scaled.jpg 1810w\" sizes=\"(max-width: 724px) 100vw, 724px\" \/><\/p>\n","protected":false},"excerpt":{"rendered":"<p>Arr\u00eat\u00e9s temporaires de circulation et de stationnement\u00a0 le 19 janvier 2025<\/p>\n<p class=\"continue-reading-button\"> <a class=\"continue-reading-link\" href=\"https:\/\/quebriac.fr\/webcommune\/?p=11424\">La suite&#8230;<i class=\"crycon-right-dir\"><\/i><\/a><\/p>\n","protected":false},"author":1,"featured_media":861,"comment_status":"closed","ping_status":"closed","sticky":false,"template":"","format":"standard","meta":{"footnotes":""},"categories":[5],"tags":[],"class_list":["post-11424","post","type-post","status-publish","format-standard","has-post-thumbnail","hentry","category-arrete-municipal"],"_links":{"self":[{"href":"https:\/\/quebriac.fr\/webcommune\/index.php?rest_route=\/wp\/v2\/posts\/11424"}],"collection":[{"href":"https:\/\/quebriac.fr\/webcommune\/index.php?rest_route=\/wp\/v2\/posts"}],"about":[{"href":"https:\/\/quebriac.fr\/webcommune\/index.php?rest_route=\/wp\/v2\/types\/post"}],"author":[{"embeddable":true,"href":"https:\/\/quebriac.fr\/webcommune\/index.php?rest_route=\/wp\/v2\/users\/1"}],"replies":[{"embeddable":true,"href":"https:\/\/quebriac.fr\/webcommune\/index.php?rest_route=%2Fwp%2Fv2%2Fcomments&post=11424"}],"version-history":[{"count":2,"href":"https:\/\/quebriac.fr\/webcommune\/index.php?rest_route=\/wp\/v2\/posts\/11424\/revisions"}],"predecessor-version":[{"id":11430,"href":"https:\/\/quebriac.fr\/webcommune\/index.php?rest_route=\/wp\/v2\/posts\/11424\/revisions\/11430"}],"wp:featuredmedia":[{"embeddable":true,"href":"https:\/\/quebriac.fr\/webcommune\/index.php?rest_route=\/wp\/v2\/media\/861"}],"wp:attachment":[{"href":"https:\/\/quebriac.fr\/webcommune\/index.php?rest_route=%2Fwp%2Fv2%2Fmedia&parent=11424"}],"wp:term":[{"taxonomy":"category","embeddable":true,"href":"https:\/\/quebriac.fr\/webcommune\/index.php?rest_route=%2Fwp%2Fv2%2Fcategories&post=11424"},{"taxonomy":"post_tag","embeddable":true,"href":"https:\/\/quebriac.fr\/webcommune\/index.php?rest_route=%2Fwp%2Fv2%2Ftags&post=11424"}],"curies":[{"name":"wp","href":"https:\/\/api.w.org\/{rel}","templated":true}]}}