{"id":11503,"date":"2025-02-06T14:51:46","date_gmt":"2025-02-06T12:51:46","guid":{"rendered":"https:\/\/quebriac.fr\/webcommune\/?p=11503"},"modified":"2025-03-30T17:14:39","modified_gmt":"2025-03-30T15:14:39","slug":"nouveau-sur-le-site","status":"publish","type":"post","link":"https:\/\/quebriac.fr\/webcommune\/?p=11503","title":{"rendered":"Nouveau sur le site"},"content":{"rendered":"<p>En cliquant sur le bouton \u00ab\u00a0<a href=\"https:\/\/quebriac.fr\/webcommune\/?page_id=11500\">Calendrier local et associatif<\/a>\u00ab\u00a0, situ\u00e9 en haut dans la colonne de droite, vous pourrez d\u00e9couvrir le calendrier des \u00e9v\u00e8nements locaux.<\/p>\n","protected":false},"excerpt":{"rendered":"<p>En cliquant sur le bouton \u00ab\u00a0Calendrier local et associatif\u00ab\u00a0, situ\u00e9 en haut dans la colonne de droite, vous pourrez d\u00e9couvrir le calendrier des \u00e9v\u00e8nements locaux.<\/p>\n<p class=\"continue-reading-button\"> <a class=\"continue-reading-link\" href=\"https:\/\/quebriac.fr\/webcommune\/?p=11503\">La suite&#8230;<i class=\"crycon-right-dir\"><\/i><\/a><\/p>\n","protected":false},"author":1,"featured_media":0,"comment_status":"closed","ping_status":"closed","sticky":false,"template":"","format":"standard","meta":{"footnotes":""},"categories":[16],"tags":[],"class_list":["post-11503","post","type-post","status-publish","format-standard","hentry","category-la-vie-communale"],"_links":{"self":[{"href":"https:\/\/quebriac.fr\/webcommune\/index.php?rest_route=\/wp\/v2\/posts\/11503"}],"collection":[{"href":"https:\/\/quebriac.fr\/webcommune\/index.php?rest_route=\/wp\/v2\/posts"}],"about":[{"href":"https:\/\/quebriac.fr\/webcommune\/index.php?rest_route=\/wp\/v2\/types\/post"}],"author":[{"embeddable":true,"href":"https:\/\/quebriac.fr\/webcommune\/index.php?rest_route=\/wp\/v2\/users\/1"}],"replies":[{"embeddable":true,"href":"https:\/\/quebriac.fr\/webcommune\/index.php?rest_route=%2Fwp%2Fv2%2Fcomments&post=11503"}],"version-history":[{"count":5,"href":"https:\/\/quebriac.fr\/webcommune\/index.php?rest_route=\/wp\/v2\/posts\/11503\/revisions"}],"predecessor-version":[{"id":11511,"href":"https:\/\/quebriac.fr\/webcommune\/index.php?rest_route=\/wp\/v2\/posts\/11503\/revisions\/11511"}],"wp:attachment":[{"href":"https:\/\/quebriac.fr\/webcommune\/index.php?rest_route=%2Fwp%2Fv2%2Fmedia&parent=11503"}],"wp:term":[{"taxonomy":"category","embeddable":true,"href":"https:\/\/quebriac.fr\/webcommune\/index.php?rest_route=%2Fwp%2Fv2%2Fcategories&post=11503"},{"taxonomy":"post_tag","embeddable":true,"href":"https:\/\/quebriac.fr\/webcommune\/index.php?rest_route=%2Fwp%2Fv2%2Ftags&post=11503"}],"curies":[{"name":"wp","href":"https:\/\/api.w.org\/{rel}","templated":true}]}}