{"id":11773,"date":"2025-04-15T18:21:25","date_gmt":"2025-04-15T16:21:25","guid":{"rendered":"https:\/\/quebriac.fr\/webcommune\/?p=11773"},"modified":"2025-04-15T18:22:34","modified_gmt":"2025-04-15T16:22:34","slug":"permanences-france-services-a-la-mairie-de-quebriac","status":"publish","type":"post","link":"https:\/\/quebriac.fr\/webcommune\/?p=11773","title":{"rendered":"Permanences France services \u00e0 la Mairie de Qu\u00e9briac"},"content":{"rendered":"<p>Prochaine permanence le mardi 29 avril de 9h15 \u00e0 12h.<\/p>\n<p>Besoin d\u2019un coup de main pour vos d\u00e9marches administratives (CAF, imp\u00f4ts, retraite, sant\u00e9, etc.) ? Les agents France Services sont l\u00e0 pour vous accompagner, gratuitement <strong>sur rendez-vous<\/strong>.<\/p>\n<p>RDV au 02 23 16 45 45 et sur maison-des-services@bretagneromantique.fr<\/p>\n<p><img loading=\"lazy\" decoding=\"async\" class=\"alignnone size-large wp-image-11774\" src=\"https:\/\/quebriac.fr\/webcommune\/wp-content\/uploads\/2025\/04\/dates-724x1024.jpg\" alt=\"\" width=\"724\" height=\"1024\" srcset=\"https:\/\/quebriac.fr\/webcommune\/wp-content\/uploads\/2025\/04\/dates-724x1024.jpg 724w, https:\/\/quebriac.fr\/webcommune\/wp-content\/uploads\/2025\/04\/dates-212x300.jpg 212w, https:\/\/quebriac.fr\/webcommune\/wp-content\/uploads\/2025\/04\/dates-768x1087.jpg 768w, https:\/\/quebriac.fr\/webcommune\/wp-content\/uploads\/2025\/04\/dates-1085x1536.jpg 1085w, https:\/\/quebriac.fr\/webcommune\/wp-content\/uploads\/2025\/04\/dates-1447x2048.jpg 1447w, https:\/\/quebriac.fr\/webcommune\/wp-content\/uploads\/2025\/04\/dates-106x150.jpg 106w, https:\/\/quebriac.fr\/webcommune\/wp-content\/uploads\/2025\/04\/dates-scaled.jpg 1809w\" sizes=\"(max-width: 724px) 100vw, 724px\" \/><\/p>\n","protected":false},"excerpt":{"rendered":"<p>Prochaine permanence le mardi 29 avril de 9h15 \u00e0 12h. Besoin d\u2019un coup de main pour vos d\u00e9marches administratives (CAF, imp\u00f4ts, retraite, sant\u00e9, etc.) ? Les agents France Services sont\u2026<\/p>\n<p class=\"continue-reading-button\"> <a class=\"continue-reading-link\" href=\"https:\/\/quebriac.fr\/webcommune\/?p=11773\">La suite&#8230;<i class=\"crycon-right-dir\"><\/i><\/a><\/p>\n","protected":false},"author":1,"featured_media":0,"comment_status":"closed","ping_status":"closed","sticky":false,"template":"","format":"standard","meta":{"footnotes":""},"categories":[8],"tags":[],"class_list":["post-11773","post","type-post","status-publish","format-standard","hentry","category-bretagne-romantique"],"_links":{"self":[{"href":"https:\/\/quebriac.fr\/webcommune\/index.php?rest_route=\/wp\/v2\/posts\/11773"}],"collection":[{"href":"https:\/\/quebriac.fr\/webcommune\/index.php?rest_route=\/wp\/v2\/posts"}],"about":[{"href":"https:\/\/quebriac.fr\/webcommune\/index.php?rest_route=\/wp\/v2\/types\/post"}],"author":[{"embeddable":true,"href":"https:\/\/quebriac.fr\/webcommune\/index.php?rest_route=\/wp\/v2\/users\/1"}],"replies":[{"embeddable":true,"href":"https:\/\/quebriac.fr\/webcommune\/index.php?rest_route=%2Fwp%2Fv2%2Fcomments&post=11773"}],"version-history":[{"count":3,"href":"https:\/\/quebriac.fr\/webcommune\/index.php?rest_route=\/wp\/v2\/posts\/11773\/revisions"}],"predecessor-version":[{"id":11777,"href":"https:\/\/quebriac.fr\/webcommune\/index.php?rest_route=\/wp\/v2\/posts\/11773\/revisions\/11777"}],"wp:attachment":[{"href":"https:\/\/quebriac.fr\/webcommune\/index.php?rest_route=%2Fwp%2Fv2%2Fmedia&parent=11773"}],"wp:term":[{"taxonomy":"category","embeddable":true,"href":"https:\/\/quebriac.fr\/webcommune\/index.php?rest_route=%2Fwp%2Fv2%2Fcategories&post=11773"},{"taxonomy":"post_tag","embeddable":true,"href":"https:\/\/quebriac.fr\/webcommune\/index.php?rest_route=%2Fwp%2Fv2%2Ftags&post=11773"}],"curies":[{"name":"wp","href":"https:\/\/api.w.org\/{rel}","templated":true}]}}