{"id":11778,"date":"2025-04-16T14:10:29","date_gmt":"2025-04-16T12:10:29","guid":{"rendered":"https:\/\/quebriac.fr\/webcommune\/?p=11778"},"modified":"2025-04-16T14:15:25","modified_gmt":"2025-04-16T12:15:25","slug":"travaux-sur-le-chemin-de-halage","status":"publish","type":"post","link":"https:\/\/quebriac.fr\/webcommune\/?p=11778","title":{"rendered":"Travaux sur les chemins de halage"},"content":{"rendered":"<p><strong>Arr\u00eat\u00e9s de la r\u00e9gion Bretagne<\/strong><\/p>\n<p>Travaux de remplissage de la vasi\u00e8re de PontHouitte \u00e0 Qu\u00e9briac &#8211; <a href=\"https:\/\/quebriac.fr\/webcommune\/wp-content\/uploads\/2025\/04\/quebriac.pdf\" target=\"_blank\" rel=\"noopener\">t\u00e9l\u00e9charger l&rsquo;arr\u00eat\u00e9<\/a><br \/>\nTravaux de remplissage de la vasi\u00e8re de Butte Jaquette \u00e0 Tr\u00e9v\u00e9rien &#8211; <a href=\"https:\/\/quebriac.fr\/webcommune\/wp-content\/uploads\/2025\/04\/treverien.pdf\" target=\"_blank\" rel=\"noopener\">t\u00e9l\u00e9charger l&rsquo;arr\u00eat\u00e9<\/a><br \/>\nTravaux de draguage en aval de l&rsquo;\u00e9cluse de Calaudry \u00e0 Saint Domineuc &#8211; <a href=\"https:\/\/quebriac.fr\/webcommune\/wp-content\/uploads\/2025\/04\/st_domineuc.pdf\" target=\"_blank\" rel=\"noopener\">t\u00e9l\u00e9charger l&rsquo;arr\u00eat\u00e9<\/a><\/p>\n","protected":false},"excerpt":{"rendered":"<p>Arr\u00eat\u00e9s de la r\u00e9gion Bretagne Travaux de remplissage de la vasi\u00e8re de PontHouitte \u00e0 Qu\u00e9briac &#8211; t\u00e9l\u00e9charger l&rsquo;arr\u00eat\u00e9 Travaux de remplissage de la vasi\u00e8re de Butte Jaquette \u00e0 Tr\u00e9v\u00e9rien &#8211;\u2026<\/p>\n<p class=\"continue-reading-button\"> <a class=\"continue-reading-link\" href=\"https:\/\/quebriac.fr\/webcommune\/?p=11778\">La suite&#8230;<i class=\"crycon-right-dir\"><\/i><\/a><\/p>\n","protected":false},"author":1,"featured_media":11780,"comment_status":"closed","ping_status":"closed","sticky":false,"template":"","format":"standard","meta":{"footnotes":""},"categories":[1,29],"tags":[],"class_list":["post-11778","post","type-post","status-publish","format-standard","has-post-thumbnail","hentry","category-non-classe","category-pouvoirs-publics"],"_links":{"self":[{"href":"https:\/\/quebriac.fr\/webcommune\/index.php?rest_route=\/wp\/v2\/posts\/11778"}],"collection":[{"href":"https:\/\/quebriac.fr\/webcommune\/index.php?rest_route=\/wp\/v2\/posts"}],"about":[{"href":"https:\/\/quebriac.fr\/webcommune\/index.php?rest_route=\/wp\/v2\/types\/post"}],"author":[{"embeddable":true,"href":"https:\/\/quebriac.fr\/webcommune\/index.php?rest_route=\/wp\/v2\/users\/1"}],"replies":[{"embeddable":true,"href":"https:\/\/quebriac.fr\/webcommune\/index.php?rest_route=%2Fwp%2Fv2%2Fcomments&post=11778"}],"version-history":[{"count":5,"href":"https:\/\/quebriac.fr\/webcommune\/index.php?rest_route=\/wp\/v2\/posts\/11778\/revisions"}],"predecessor-version":[{"id":11787,"href":"https:\/\/quebriac.fr\/webcommune\/index.php?rest_route=\/wp\/v2\/posts\/11778\/revisions\/11787"}],"wp:featuredmedia":[{"embeddable":true,"href":"https:\/\/quebriac.fr\/webcommune\/index.php?rest_route=\/wp\/v2\/media\/11780"}],"wp:attachment":[{"href":"https:\/\/quebriac.fr\/webcommune\/index.php?rest_route=%2Fwp%2Fv2%2Fmedia&parent=11778"}],"wp:term":[{"taxonomy":"category","embeddable":true,"href":"https:\/\/quebriac.fr\/webcommune\/index.php?rest_route=%2Fwp%2Fv2%2Fcategories&post=11778"},{"taxonomy":"post_tag","embeddable":true,"href":"https:\/\/quebriac.fr\/webcommune\/index.php?rest_route=%2Fwp%2Fv2%2Ftags&post=11778"}],"curies":[{"name":"wp","href":"https:\/\/api.w.org\/{rel}","templated":true}]}}