{"id":11788,"date":"2025-04-16T16:35:21","date_gmt":"2025-04-16T14:35:21","guid":{"rendered":"https:\/\/quebriac.fr\/webcommune\/?p=11788"},"modified":"2025-04-16T16:35:21","modified_gmt":"2025-04-16T14:35:21","slug":"concours-externe-dagent-administratif-des-finances-publiques","status":"publish","type":"post","link":"https:\/\/quebriac.fr\/webcommune\/?p=11788","title":{"rendered":"Concours externe d&rsquo;agent administratif des Finances publiques"},"content":{"rendered":"<p>Ce concours externe est accessible aux candidats titulaires au minimum du dipl\u00f4me national du brevet (ex-brevet des coll\u00e8ges), \u00e0 la date des \u00e9preuves.<\/p>\n<p>Les inscriptions au concours sont ouvertes du <b>22 avril au 3 juin 2025.<\/b><\/p>\n<p>Pour s&rsquo;inscrire en ligne ou se renseigner : <b><a tabindex=\"9999\" href=\"https:\/\/rejoindrelesfinancespubliques.economie.gouv.fr\" target=\"_blank\" rel=\"noopener\">https:\/\/rejoindrelesfinancespubliques.economie.gouv.fr<\/a><\/b><\/p>\n<p><img loading=\"lazy\" decoding=\"async\" class=\"alignnone size-full wp-image-11790\" src=\"https:\/\/quebriac.fr\/webcommune\/wp-content\/uploads\/2025\/04\/affiche_concours-c.jpg\" alt=\"\" width=\"565\" height=\"800\" srcset=\"https:\/\/quebriac.fr\/webcommune\/wp-content\/uploads\/2025\/04\/affiche_concours-c.jpg 565w, https:\/\/quebriac.fr\/webcommune\/wp-content\/uploads\/2025\/04\/affiche_concours-c-212x300.jpg 212w, https:\/\/quebriac.fr\/webcommune\/wp-content\/uploads\/2025\/04\/affiche_concours-c-106x150.jpg 106w\" sizes=\"(max-width: 565px) 100vw, 565px\" \/><\/p>\n<p>&nbsp;<\/p>\n","protected":false},"excerpt":{"rendered":"<p>Ce concours externe est accessible aux candidats titulaires au minimum du dipl\u00f4me national du brevet (ex-brevet des coll\u00e8ges), \u00e0 la date des \u00e9preuves. Les inscriptions au concours sont ouvertes du\u2026<\/p>\n<p class=\"continue-reading-button\"> <a class=\"continue-reading-link\" href=\"https:\/\/quebriac.fr\/webcommune\/?p=11788\">La suite&#8230;<i class=\"crycon-right-dir\"><\/i><\/a><\/p>\n","protected":false},"author":1,"featured_media":0,"comment_status":"closed","ping_status":"closed","sticky":false,"template":"","format":"standard","meta":{"footnotes":""},"categories":[28],"tags":[],"class_list":["post-11788","post","type-post","status-publish","format-standard","hentry","category-emploi"],"_links":{"self":[{"href":"https:\/\/quebriac.fr\/webcommune\/index.php?rest_route=\/wp\/v2\/posts\/11788"}],"collection":[{"href":"https:\/\/quebriac.fr\/webcommune\/index.php?rest_route=\/wp\/v2\/posts"}],"about":[{"href":"https:\/\/quebriac.fr\/webcommune\/index.php?rest_route=\/wp\/v2\/types\/post"}],"author":[{"embeddable":true,"href":"https:\/\/quebriac.fr\/webcommune\/index.php?rest_route=\/wp\/v2\/users\/1"}],"replies":[{"embeddable":true,"href":"https:\/\/quebriac.fr\/webcommune\/index.php?rest_route=%2Fwp%2Fv2%2Fcomments&post=11788"}],"version-history":[{"count":2,"href":"https:\/\/quebriac.fr\/webcommune\/index.php?rest_route=\/wp\/v2\/posts\/11788\/revisions"}],"predecessor-version":[{"id":11791,"href":"https:\/\/quebriac.fr\/webcommune\/index.php?rest_route=\/wp\/v2\/posts\/11788\/revisions\/11791"}],"wp:attachment":[{"href":"https:\/\/quebriac.fr\/webcommune\/index.php?rest_route=%2Fwp%2Fv2%2Fmedia&parent=11788"}],"wp:term":[{"taxonomy":"category","embeddable":true,"href":"https:\/\/quebriac.fr\/webcommune\/index.php?rest_route=%2Fwp%2Fv2%2Fcategories&post=11788"},{"taxonomy":"post_tag","embeddable":true,"href":"https:\/\/quebriac.fr\/webcommune\/index.php?rest_route=%2Fwp%2Fv2%2Ftags&post=11788"}],"curies":[{"name":"wp","href":"https:\/\/api.w.org\/{rel}","templated":true}]}}