{"id":11797,"date":"2025-04-19T16:46:55","date_gmt":"2025-04-19T14:46:55","guid":{"rendered":"https:\/\/quebriac.fr\/webcommune\/?p=11797"},"modified":"2025-04-19T16:46:55","modified_gmt":"2025-04-19T14:46:55","slug":"forme-sante-bien-etre-du-pays-de-saint-malo","status":"publish","type":"post","link":"https:\/\/quebriac.fr\/webcommune\/?p=11797","title":{"rendered":"Forme Sant\u00e9 Bien-\u00catre du Pays de Saint-Malo"},"content":{"rendered":"<p class=\"ox-e855c8e2fe-MsoNormal\"><b>Mardi 13 mai, le Forum Sport Sant\u00e9<\/b> \u00e0 la salle socioculturelle de Saint-Jouan-des-Gu\u00e9rets, avec des conf\u00e9rences, des tables rondes et des stands anim\u00e9s par des acteurs locaux.<\/p>\n<p class=\"ox-e855c8e2fe-MsoNormal\"><b>Jeudi 15 mai, la Journ\u00e9e Sport Sant\u00e9 et Handicap\u2019s<\/b>, d\u00e9di\u00e9e \u00e0 la promotion du para-sport et \u00e0 l\u2019inclusion, avec des ateliers de sensibilisation et des d\u00e9monstrations.<\/p>\n<p><img loading=\"lazy\" decoding=\"async\" class=\"alignnone size-large wp-image-11798\" src=\"https:\/\/quebriac.fr\/webcommune\/wp-content\/uploads\/2025\/04\/forum1-738x1024.jpg\" alt=\"\" width=\"738\" height=\"1024\" srcset=\"https:\/\/quebriac.fr\/webcommune\/wp-content\/uploads\/2025\/04\/forum1-738x1024.jpg 738w, https:\/\/quebriac.fr\/webcommune\/wp-content\/uploads\/2025\/04\/forum1-216x300.jpg 216w, https:\/\/quebriac.fr\/webcommune\/wp-content\/uploads\/2025\/04\/forum1-768x1066.jpg 768w, https:\/\/quebriac.fr\/webcommune\/wp-content\/uploads\/2025\/04\/forum1-1106x1536.jpg 1106w, https:\/\/quebriac.fr\/webcommune\/wp-content\/uploads\/2025\/04\/forum1-108x150.jpg 108w, https:\/\/quebriac.fr\/webcommune\/wp-content\/uploads\/2025\/04\/forum1.jpg 1200w\" sizes=\"(max-width: 738px) 100vw, 738px\" \/><\/p>\n<p><img loading=\"lazy\" decoding=\"async\" class=\"alignnone size-large wp-image-11799\" src=\"https:\/\/quebriac.fr\/webcommune\/wp-content\/uploads\/2025\/04\/forum2-738x1024.jpg\" alt=\"\" width=\"738\" height=\"1024\" srcset=\"https:\/\/quebriac.fr\/webcommune\/wp-content\/uploads\/2025\/04\/forum2-738x1024.jpg 738w, https:\/\/quebriac.fr\/webcommune\/wp-content\/uploads\/2025\/04\/forum2-216x300.jpg 216w, https:\/\/quebriac.fr\/webcommune\/wp-content\/uploads\/2025\/04\/forum2-768x1066.jpg 768w, https:\/\/quebriac.fr\/webcommune\/wp-content\/uploads\/2025\/04\/forum2-1106x1536.jpg 1106w, https:\/\/quebriac.fr\/webcommune\/wp-content\/uploads\/2025\/04\/forum2-108x150.jpg 108w, https:\/\/quebriac.fr\/webcommune\/wp-content\/uploads\/2025\/04\/forum2.jpg 1200w\" sizes=\"(max-width: 738px) 100vw, 738px\" \/><\/p>\n","protected":false},"excerpt":{"rendered":"<p>Mardi 13 mai, le Forum Sport Sant\u00e9 \u00e0 la salle socioculturelle de Saint-Jouan-des-Gu\u00e9rets, avec des conf\u00e9rences, des tables rondes et des stands anim\u00e9s par des acteurs locaux. Jeudi 15 mai,\u2026<\/p>\n<p class=\"continue-reading-button\"> <a class=\"continue-reading-link\" href=\"https:\/\/quebriac.fr\/webcommune\/?p=11797\">La suite&#8230;<i class=\"crycon-right-dir\"><\/i><\/a><\/p>\n","protected":false},"author":1,"featured_media":0,"comment_status":"closed","ping_status":"closed","sticky":false,"template":"","format":"standard","meta":{"footnotes":""},"categories":[27],"tags":[],"class_list":["post-11797","post","type-post","status-publish","format-standard","hentry","category-sante"],"_links":{"self":[{"href":"https:\/\/quebriac.fr\/webcommune\/index.php?rest_route=\/wp\/v2\/posts\/11797"}],"collection":[{"href":"https:\/\/quebriac.fr\/webcommune\/index.php?rest_route=\/wp\/v2\/posts"}],"about":[{"href":"https:\/\/quebriac.fr\/webcommune\/index.php?rest_route=\/wp\/v2\/types\/post"}],"author":[{"embeddable":true,"href":"https:\/\/quebriac.fr\/webcommune\/index.php?rest_route=\/wp\/v2\/users\/1"}],"replies":[{"embeddable":true,"href":"https:\/\/quebriac.fr\/webcommune\/index.php?rest_route=%2Fwp%2Fv2%2Fcomments&post=11797"}],"version-history":[{"count":1,"href":"https:\/\/quebriac.fr\/webcommune\/index.php?rest_route=\/wp\/v2\/posts\/11797\/revisions"}],"predecessor-version":[{"id":11800,"href":"https:\/\/quebriac.fr\/webcommune\/index.php?rest_route=\/wp\/v2\/posts\/11797\/revisions\/11800"}],"wp:attachment":[{"href":"https:\/\/quebriac.fr\/webcommune\/index.php?rest_route=%2Fwp%2Fv2%2Fmedia&parent=11797"}],"wp:term":[{"taxonomy":"category","embeddable":true,"href":"https:\/\/quebriac.fr\/webcommune\/index.php?rest_route=%2Fwp%2Fv2%2Fcategories&post=11797"},{"taxonomy":"post_tag","embeddable":true,"href":"https:\/\/quebriac.fr\/webcommune\/index.php?rest_route=%2Fwp%2Fv2%2Ftags&post=11797"}],"curies":[{"name":"wp","href":"https:\/\/api.w.org\/{rel}","templated":true}]}}