{"id":11808,"date":"2025-04-22T15:45:02","date_gmt":"2025-04-22T13:45:02","guid":{"rendered":"https:\/\/quebriac.fr\/webcommune\/?p=11808"},"modified":"2025-04-23T15:50:23","modified_gmt":"2025-04-23T13:50:23","slug":"travaux-sur-les-chemins-de-halage","status":"publish","type":"post","link":"https:\/\/quebriac.fr\/webcommune\/?p=11808","title":{"rendered":"Travaux sur les chemins de halage"},"content":{"rendered":"<p>L\u2019acc\u00e8s au chemin de halage, rives gauche et droite, du bief de la Roche \u00e0 Gromillais est interdit \u00e0 tous les usagers du 22\/04 au 23\/05\/2025.<\/p>\n<p><a href=\"https:\/\/quebriac.fr\/webcommune\/wp-content\/uploads\/2025\/04\/AC-2025-04-22.pdf\" target=\"_blank\" rel=\"noopener\">t\u00e9l\u00e9charger l\u2019arr\u00eat\u00e9<\/a><\/p>\n","protected":false},"excerpt":{"rendered":"<p>L\u2019acc\u00e8s au chemin de halage, rives gauche et droite, du bief de la Roche \u00e0 Gromillais est interdit \u00e0 tous les usagers du 22\/04 au 23\/05\/2025. t\u00e9l\u00e9charger l\u2019arr\u00eat\u00e9<\/p>\n<p class=\"continue-reading-button\"> <a class=\"continue-reading-link\" href=\"https:\/\/quebriac.fr\/webcommune\/?p=11808\">La suite&#8230;<i class=\"crycon-right-dir\"><\/i><\/a><\/p>\n","protected":false},"author":1,"featured_media":11812,"comment_status":"closed","ping_status":"closed","sticky":false,"template":"","format":"standard","meta":{"footnotes":""},"categories":[29],"tags":[],"class_list":["post-11808","post","type-post","status-publish","format-standard","has-post-thumbnail","hentry","category-pouvoirs-publics"],"_links":{"self":[{"href":"https:\/\/quebriac.fr\/webcommune\/index.php?rest_route=\/wp\/v2\/posts\/11808"}],"collection":[{"href":"https:\/\/quebriac.fr\/webcommune\/index.php?rest_route=\/wp\/v2\/posts"}],"about":[{"href":"https:\/\/quebriac.fr\/webcommune\/index.php?rest_route=\/wp\/v2\/types\/post"}],"author":[{"embeddable":true,"href":"https:\/\/quebriac.fr\/webcommune\/index.php?rest_route=\/wp\/v2\/users\/1"}],"replies":[{"embeddable":true,"href":"https:\/\/quebriac.fr\/webcommune\/index.php?rest_route=%2Fwp%2Fv2%2Fcomments&post=11808"}],"version-history":[{"count":2,"href":"https:\/\/quebriac.fr\/webcommune\/index.php?rest_route=\/wp\/v2\/posts\/11808\/revisions"}],"predecessor-version":[{"id":11811,"href":"https:\/\/quebriac.fr\/webcommune\/index.php?rest_route=\/wp\/v2\/posts\/11808\/revisions\/11811"}],"wp:featuredmedia":[{"embeddable":true,"href":"https:\/\/quebriac.fr\/webcommune\/index.php?rest_route=\/wp\/v2\/media\/11812"}],"wp:attachment":[{"href":"https:\/\/quebriac.fr\/webcommune\/index.php?rest_route=%2Fwp%2Fv2%2Fmedia&parent=11808"}],"wp:term":[{"taxonomy":"category","embeddable":true,"href":"https:\/\/quebriac.fr\/webcommune\/index.php?rest_route=%2Fwp%2Fv2%2Fcategories&post=11808"},{"taxonomy":"post_tag","embeddable":true,"href":"https:\/\/quebriac.fr\/webcommune\/index.php?rest_route=%2Fwp%2Fv2%2Ftags&post=11808"}],"curies":[{"name":"wp","href":"https:\/\/api.w.org\/{rel}","templated":true}]}}