{"id":11902,"date":"2025-06-12T11:02:06","date_gmt":"2025-06-12T09:02:06","guid":{"rendered":"https:\/\/quebriac.fr\/webcommune\/?p=11902"},"modified":"2025-06-12T14:09:33","modified_gmt":"2025-06-12T12:09:33","slug":"inauguration-du-parc-eolien","status":"publish","type":"post","link":"https:\/\/quebriac.fr\/webcommune\/?p=11902","title":{"rendered":"Inauguration du Parc \u00e9olien"},"content":{"rendered":"<p>Le vendredi 27 juin de 17h30 \u00e0 20h.<\/p>\n<p>Inscriptions obligatoires Par mail \u00e0 communication@iel-energie.com ou<br \/>\npar t\u00e9l\u00e9phone au 02 30 96 02 21<\/p>\n<p><img loading=\"lazy\" decoding=\"async\" class=\"alignnone size-large wp-image-11903\" src=\"https:\/\/quebriac.fr\/webcommune\/wp-content\/uploads\/2025\/05\/iel-738x1024.jpg\" alt=\"\" width=\"738\" height=\"1024\" srcset=\"https:\/\/quebriac.fr\/webcommune\/wp-content\/uploads\/2025\/05\/iel-738x1024.jpg 738w, https:\/\/quebriac.fr\/webcommune\/wp-content\/uploads\/2025\/05\/iel-216x300.jpg 216w, https:\/\/quebriac.fr\/webcommune\/wp-content\/uploads\/2025\/05\/iel-768x1066.jpg 768w, https:\/\/quebriac.fr\/webcommune\/wp-content\/uploads\/2025\/05\/iel-1106x1536.jpg 1106w, https:\/\/quebriac.fr\/webcommune\/wp-content\/uploads\/2025\/05\/iel-108x150.jpg 108w, https:\/\/quebriac.fr\/webcommune\/wp-content\/uploads\/2025\/05\/iel.jpg 1200w\" sizes=\"(max-width: 738px) 100vw, 738px\" \/><\/p>\n","protected":false},"excerpt":{"rendered":"<p>Le vendredi 27 juin de 17h30 \u00e0 20h. Inscriptions obligatoires Par mail \u00e0 communication@iel-energie.com ou par t\u00e9l\u00e9phone au 02 30 96 02 21<\/p>\n<p class=\"continue-reading-button\"> <a class=\"continue-reading-link\" href=\"https:\/\/quebriac.fr\/webcommune\/?p=11902\">La suite&#8230;<i class=\"crycon-right-dir\"><\/i><\/a><\/p>\n","protected":false},"author":1,"featured_media":0,"comment_status":"closed","ping_status":"closed","sticky":false,"template":"","format":"standard","meta":{"footnotes":""},"categories":[16],"tags":[],"class_list":["post-11902","post","type-post","status-publish","format-standard","hentry","category-la-vie-communale"],"_links":{"self":[{"href":"https:\/\/quebriac.fr\/webcommune\/index.php?rest_route=\/wp\/v2\/posts\/11902"}],"collection":[{"href":"https:\/\/quebriac.fr\/webcommune\/index.php?rest_route=\/wp\/v2\/posts"}],"about":[{"href":"https:\/\/quebriac.fr\/webcommune\/index.php?rest_route=\/wp\/v2\/types\/post"}],"author":[{"embeddable":true,"href":"https:\/\/quebriac.fr\/webcommune\/index.php?rest_route=\/wp\/v2\/users\/1"}],"replies":[{"embeddable":true,"href":"https:\/\/quebriac.fr\/webcommune\/index.php?rest_route=%2Fwp%2Fv2%2Fcomments&post=11902"}],"version-history":[{"count":3,"href":"https:\/\/quebriac.fr\/webcommune\/index.php?rest_route=\/wp\/v2\/posts\/11902\/revisions"}],"predecessor-version":[{"id":11906,"href":"https:\/\/quebriac.fr\/webcommune\/index.php?rest_route=\/wp\/v2\/posts\/11902\/revisions\/11906"}],"wp:attachment":[{"href":"https:\/\/quebriac.fr\/webcommune\/index.php?rest_route=%2Fwp%2Fv2%2Fmedia&parent=11902"}],"wp:term":[{"taxonomy":"category","embeddable":true,"href":"https:\/\/quebriac.fr\/webcommune\/index.php?rest_route=%2Fwp%2Fv2%2Fcategories&post=11902"},{"taxonomy":"post_tag","embeddable":true,"href":"https:\/\/quebriac.fr\/webcommune\/index.php?rest_route=%2Fwp%2Fv2%2Ftags&post=11902"}],"curies":[{"name":"wp","href":"https:\/\/api.w.org\/{rel}","templated":true}]}}