{"id":11926,"date":"2025-05-22T09:52:26","date_gmt":"2025-05-22T07:52:26","guid":{"rendered":"https:\/\/quebriac.fr\/webcommune\/?p=11926"},"modified":"2025-05-28T09:38:02","modified_gmt":"2025-05-28T07:38:02","slug":"don-du-sang-3","status":"publish","type":"post","link":"https:\/\/quebriac.fr\/webcommune\/?p=11926","title":{"rendered":"Don du sang"},"content":{"rendered":"<p>Le mercredi 28 mai de de 14h30 \u00e0 19h \u00e0 Tint\u00e9niac<!--more--><\/p>\n<p><a href=\"https:\/\/dondesang.efs.sante.fr\/trouver-une-collecte\/130883\/sang\/28-03-2025\" target=\"_blank\" rel=\"noopener\">Prendre rendez-vous<\/a><\/p>\n<p><img loading=\"lazy\" decoding=\"async\" class=\"alignnone size-full wp-image-11927\" src=\"https:\/\/quebriac.fr\/webcommune\/wp-content\/uploads\/2025\/05\/don.png\" alt=\"\" width=\"640\" height=\"200\" srcset=\"https:\/\/quebriac.fr\/webcommune\/wp-content\/uploads\/2025\/05\/don.png 640w, https:\/\/quebriac.fr\/webcommune\/wp-content\/uploads\/2025\/05\/don-300x94.png 300w, https:\/\/quebriac.fr\/webcommune\/wp-content\/uploads\/2025\/05\/don-150x47.png 150w\" sizes=\"(max-width: 640px) 100vw, 640px\" \/><\/p>\n","protected":false},"excerpt":{"rendered":"<p>Le mercredi 28 mai de de 14h30 \u00e0 19h \u00e0 Tint\u00e9niac<\/p>\n<p class=\"continue-reading-button\"> <a class=\"continue-reading-link\" href=\"https:\/\/quebriac.fr\/webcommune\/?p=11926\">La suite&#8230;<i class=\"crycon-right-dir\"><\/i><\/a><\/p>\n","protected":false},"author":1,"featured_media":11805,"comment_status":"closed","ping_status":"closed","sticky":false,"template":"","format":"standard","meta":{"footnotes":""},"categories":[27],"tags":[],"class_list":["post-11926","post","type-post","status-publish","format-standard","has-post-thumbnail","hentry","category-sante"],"_links":{"self":[{"href":"https:\/\/quebriac.fr\/webcommune\/index.php?rest_route=\/wp\/v2\/posts\/11926"}],"collection":[{"href":"https:\/\/quebriac.fr\/webcommune\/index.php?rest_route=\/wp\/v2\/posts"}],"about":[{"href":"https:\/\/quebriac.fr\/webcommune\/index.php?rest_route=\/wp\/v2\/types\/post"}],"author":[{"embeddable":true,"href":"https:\/\/quebriac.fr\/webcommune\/index.php?rest_route=\/wp\/v2\/users\/1"}],"replies":[{"embeddable":true,"href":"https:\/\/quebriac.fr\/webcommune\/index.php?rest_route=%2Fwp%2Fv2%2Fcomments&post=11926"}],"version-history":[{"count":2,"href":"https:\/\/quebriac.fr\/webcommune\/index.php?rest_route=\/wp\/v2\/posts\/11926\/revisions"}],"predecessor-version":[{"id":11929,"href":"https:\/\/quebriac.fr\/webcommune\/index.php?rest_route=\/wp\/v2\/posts\/11926\/revisions\/11929"}],"wp:featuredmedia":[{"embeddable":true,"href":"https:\/\/quebriac.fr\/webcommune\/index.php?rest_route=\/wp\/v2\/media\/11805"}],"wp:attachment":[{"href":"https:\/\/quebriac.fr\/webcommune\/index.php?rest_route=%2Fwp%2Fv2%2Fmedia&parent=11926"}],"wp:term":[{"taxonomy":"category","embeddable":true,"href":"https:\/\/quebriac.fr\/webcommune\/index.php?rest_route=%2Fwp%2Fv2%2Fcategories&post=11926"},{"taxonomy":"post_tag","embeddable":true,"href":"https:\/\/quebriac.fr\/webcommune\/index.php?rest_route=%2Fwp%2Fv2%2Ftags&post=11926"}],"curies":[{"name":"wp","href":"https:\/\/api.w.org\/{rel}","templated":true}]}}