{"id":12031,"date":"2025-06-17T14:21:24","date_gmt":"2025-06-17T12:21:24","guid":{"rendered":"https:\/\/quebriac.fr\/webcommune\/?p=12031"},"modified":"2025-06-17T14:21:24","modified_gmt":"2025-06-17T12:21:24","slug":"arrete-de-circulation-deviation-pour-cause-de-travaux-2","status":"publish","type":"post","link":"https:\/\/quebriac.fr\/webcommune\/?p=12031","title":{"rendered":"Arr\u00eat\u00e9 de circulation : D\u00e9viation pour cause de travaux"},"content":{"rendered":"<p>La route sera barr\u00e9e et la circulation interdite lieu-dit La Basse Croix.<!--more--><\/p>\n<p>Dans le cadre d&rsquo;un programme de renouvellement de r\u00e9seau d&rsquo;eau potable, l&rsquo;entreprise Ouest-TP d\u00e9butera les travaux de conduite d&rsquo;eau \u00e0 compter du mercredi 18 juin 2025, depuis la Basse Croix jusqu&rsquo;\u00e0 l&rsquo;entre du lotissement du Courtil No\u00eb et sur une p\u00e9riode d&rsquo;une semaine. Suivront les branchements, les essais de pression, les raccordements et la r\u00e9fection de la chauss\u00e9e d&rsquo;ici le 1er ao\u00fbt 2025. L&rsquo;acc\u00e8s au pi\u00e9tons sera maintenu.<\/p>\n<p><a href=\"https:\/\/quebriac.fr\/webcommune\/wp-content\/uploads\/2025\/06\/Arrete-de-circulation-travaux-Basse-Croix.pdf\" target=\"_blank\" rel=\"noopener\">Arr\u00eat\u00e9 de circulation travaux Basse Croix<\/a><\/p>\n","protected":false},"excerpt":{"rendered":"<p>La route sera barr\u00e9e et la circulation interdite lieu-dit La Basse Croix.<\/p>\n<p class=\"continue-reading-button\"> <a class=\"continue-reading-link\" href=\"https:\/\/quebriac.fr\/webcommune\/?p=12031\">La suite&#8230;<i class=\"crycon-right-dir\"><\/i><\/a><\/p>\n","protected":false},"author":2,"featured_media":4842,"comment_status":"closed","ping_status":"closed","sticky":false,"template":"","format":"standard","meta":{"footnotes":""},"categories":[4,23],"tags":[],"class_list":["post-12031","post","type-post","status-publish","format-standard","has-post-thumbnail","hentry","category-arrete","category-travaux"],"_links":{"self":[{"href":"https:\/\/quebriac.fr\/webcommune\/index.php?rest_route=\/wp\/v2\/posts\/12031"}],"collection":[{"href":"https:\/\/quebriac.fr\/webcommune\/index.php?rest_route=\/wp\/v2\/posts"}],"about":[{"href":"https:\/\/quebriac.fr\/webcommune\/index.php?rest_route=\/wp\/v2\/types\/post"}],"author":[{"embeddable":true,"href":"https:\/\/quebriac.fr\/webcommune\/index.php?rest_route=\/wp\/v2\/users\/2"}],"replies":[{"embeddable":true,"href":"https:\/\/quebriac.fr\/webcommune\/index.php?rest_route=%2Fwp%2Fv2%2Fcomments&post=12031"}],"version-history":[{"count":2,"href":"https:\/\/quebriac.fr\/webcommune\/index.php?rest_route=\/wp\/v2\/posts\/12031\/revisions"}],"predecessor-version":[{"id":12040,"href":"https:\/\/quebriac.fr\/webcommune\/index.php?rest_route=\/wp\/v2\/posts\/12031\/revisions\/12040"}],"wp:featuredmedia":[{"embeddable":true,"href":"https:\/\/quebriac.fr\/webcommune\/index.php?rest_route=\/wp\/v2\/media\/4842"}],"wp:attachment":[{"href":"https:\/\/quebriac.fr\/webcommune\/index.php?rest_route=%2Fwp%2Fv2%2Fmedia&parent=12031"}],"wp:term":[{"taxonomy":"category","embeddable":true,"href":"https:\/\/quebriac.fr\/webcommune\/index.php?rest_route=%2Fwp%2Fv2%2Fcategories&post=12031"},{"taxonomy":"post_tag","embeddable":true,"href":"https:\/\/quebriac.fr\/webcommune\/index.php?rest_route=%2Fwp%2Fv2%2Ftags&post=12031"}],"curies":[{"name":"wp","href":"https:\/\/api.w.org\/{rel}","templated":true}]}}