{"id":12043,"date":"2025-06-19T09:52:40","date_gmt":"2025-06-19T07:52:40","guid":{"rendered":"https:\/\/quebriac.fr\/webcommune\/?p=12043"},"modified":"2025-06-19T09:52:40","modified_gmt":"2025-06-19T07:52:40","slug":"parc-eolien-les-landes-de-tanouarn-quebriac","status":"publish","type":"post","link":"https:\/\/quebriac.fr\/webcommune\/?p=12043","title":{"rendered":"PARC \u00c9OLIEN LES LANDES DE TANOUARN &#8211; QU\u00c9BRIAC"},"content":{"rendered":"<p>Donnez du sens \u00e0 votre \u00e9pargne, en investissant dans un projet local, pour la transition \u00e9nerg\u00e9tique.<\/p>\n<p><img loading=\"lazy\" decoding=\"async\" class=\"alignnone size-large wp-image-12044\" src=\"https:\/\/quebriac.fr\/webcommune\/wp-content\/uploads\/2025\/06\/iel1-754x1024.jpg\" alt=\"\" width=\"754\" height=\"1024\" srcset=\"https:\/\/quebriac.fr\/webcommune\/wp-content\/uploads\/2025\/06\/iel1-754x1024.jpg 754w, https:\/\/quebriac.fr\/webcommune\/wp-content\/uploads\/2025\/06\/iel1-221x300.jpg 221w, https:\/\/quebriac.fr\/webcommune\/wp-content\/uploads\/2025\/06\/iel1-768x1043.jpg 768w, https:\/\/quebriac.fr\/webcommune\/wp-content\/uploads\/2025\/06\/iel1-1131x1536.jpg 1131w, https:\/\/quebriac.fr\/webcommune\/wp-content\/uploads\/2025\/06\/iel1-1507x2048.jpg 1507w, https:\/\/quebriac.fr\/webcommune\/wp-content\/uploads\/2025\/06\/iel1-110x150.jpg 110w, https:\/\/quebriac.fr\/webcommune\/wp-content\/uploads\/2025\/06\/iel1-scaled.jpg 1884w\" sizes=\"(max-width: 754px) 100vw, 754px\" \/><\/p>\n<p><img loading=\"lazy\" decoding=\"async\" class=\"alignnone size-large wp-image-12045\" src=\"https:\/\/quebriac.fr\/webcommune\/wp-content\/uploads\/2025\/06\/iel2-754x1024.jpg\" alt=\"\" width=\"754\" height=\"1024\" srcset=\"https:\/\/quebriac.fr\/webcommune\/wp-content\/uploads\/2025\/06\/iel2-754x1024.jpg 754w, https:\/\/quebriac.fr\/webcommune\/wp-content\/uploads\/2025\/06\/iel2-221x300.jpg 221w, https:\/\/quebriac.fr\/webcommune\/wp-content\/uploads\/2025\/06\/iel2-768x1043.jpg 768w, https:\/\/quebriac.fr\/webcommune\/wp-content\/uploads\/2025\/06\/iel2-1131x1536.jpg 1131w, https:\/\/quebriac.fr\/webcommune\/wp-content\/uploads\/2025\/06\/iel2-1507x2048.jpg 1507w, https:\/\/quebriac.fr\/webcommune\/wp-content\/uploads\/2025\/06\/iel2-110x150.jpg 110w, https:\/\/quebriac.fr\/webcommune\/wp-content\/uploads\/2025\/06\/iel2-scaled.jpg 1884w\" sizes=\"(max-width: 754px) 100vw, 754px\" \/><\/p>\n","protected":false},"excerpt":{"rendered":"<p>Donnez du sens \u00e0 votre \u00e9pargne, en investissant dans un projet local, pour la transition \u00e9nerg\u00e9tique.<\/p>\n<p class=\"continue-reading-button\"> <a class=\"continue-reading-link\" href=\"https:\/\/quebriac.fr\/webcommune\/?p=12043\">La suite&#8230;<i class=\"crycon-right-dir\"><\/i><\/a><\/p>\n","protected":false},"author":1,"featured_media":0,"comment_status":"closed","ping_status":"closed","sticky":false,"template":"","format":"standard","meta":{"footnotes":""},"categories":[16],"tags":[],"class_list":["post-12043","post","type-post","status-publish","format-standard","hentry","category-la-vie-communale"],"_links":{"self":[{"href":"https:\/\/quebriac.fr\/webcommune\/index.php?rest_route=\/wp\/v2\/posts\/12043"}],"collection":[{"href":"https:\/\/quebriac.fr\/webcommune\/index.php?rest_route=\/wp\/v2\/posts"}],"about":[{"href":"https:\/\/quebriac.fr\/webcommune\/index.php?rest_route=\/wp\/v2\/types\/post"}],"author":[{"embeddable":true,"href":"https:\/\/quebriac.fr\/webcommune\/index.php?rest_route=\/wp\/v2\/users\/1"}],"replies":[{"embeddable":true,"href":"https:\/\/quebriac.fr\/webcommune\/index.php?rest_route=%2Fwp%2Fv2%2Fcomments&post=12043"}],"version-history":[{"count":1,"href":"https:\/\/quebriac.fr\/webcommune\/index.php?rest_route=\/wp\/v2\/posts\/12043\/revisions"}],"predecessor-version":[{"id":12046,"href":"https:\/\/quebriac.fr\/webcommune\/index.php?rest_route=\/wp\/v2\/posts\/12043\/revisions\/12046"}],"wp:attachment":[{"href":"https:\/\/quebriac.fr\/webcommune\/index.php?rest_route=%2Fwp%2Fv2%2Fmedia&parent=12043"}],"wp:term":[{"taxonomy":"category","embeddable":true,"href":"https:\/\/quebriac.fr\/webcommune\/index.php?rest_route=%2Fwp%2Fv2%2Fcategories&post=12043"},{"taxonomy":"post_tag","embeddable":true,"href":"https:\/\/quebriac.fr\/webcommune\/index.php?rest_route=%2Fwp%2Fv2%2Ftags&post=12043"}],"curies":[{"name":"wp","href":"https:\/\/api.w.org\/{rel}","templated":true}]}}