{"id":12060,"date":"2025-06-27T16:54:53","date_gmt":"2025-06-27T14:54:53","guid":{"rendered":"https:\/\/quebriac.fr\/webcommune\/?p=12060"},"modified":"2025-06-27T16:54:53","modified_gmt":"2025-06-27T14:54:53","slug":"modifications-des-horaires-douverture-des-decheteries-samedi-28-juin","status":"publish","type":"post","link":"https:\/\/quebriac.fr\/webcommune\/?p=12060","title":{"rendered":"MODIFICATIONS DES HORAIRES D&rsquo;OUVERTURE DES DECHETERIES SAMEDI 28 JUIN"},"content":{"rendered":"<p>En raison des fortes chaleurs annonc\u00e9es pour ces prochains jours <!--more-->et du passage en vigilance Jaune Canicule demain, les services du SMICTOM Valcobreizh font \u00e9voluer certains de leurs services afin d\u2019assurer la s\u00e9curit\u00e9 de ses agents et de ses usagers.<\/p>\n<p>Les horaires d\u2019ouverture des d\u00e9ch\u00e8teries sont donc modifi\u00e9es pour le samedi 28 juin. Elles seront ouvertes uniquement de 7h \u00e0 14h (ferm\u00e9es l\u2019apr\u00e8s-midi).<\/p>\n","protected":false},"excerpt":{"rendered":"<p>En raison des fortes chaleurs annonc\u00e9es pour ces prochains jours<\/p>\n<p class=\"continue-reading-button\"> <a class=\"continue-reading-link\" href=\"https:\/\/quebriac.fr\/webcommune\/?p=12060\">La suite&#8230;<i class=\"crycon-right-dir\"><\/i><\/a><\/p>\n","protected":false},"author":2,"featured_media":12058,"comment_status":"closed","ping_status":"closed","sticky":false,"template":"","format":"standard","meta":{"footnotes":""},"categories":[24],"tags":[],"class_list":["post-12060","post","type-post","status-publish","format-standard","has-post-thumbnail","hentry","category-vigilance-meteo"],"_links":{"self":[{"href":"https:\/\/quebriac.fr\/webcommune\/index.php?rest_route=\/wp\/v2\/posts\/12060"}],"collection":[{"href":"https:\/\/quebriac.fr\/webcommune\/index.php?rest_route=\/wp\/v2\/posts"}],"about":[{"href":"https:\/\/quebriac.fr\/webcommune\/index.php?rest_route=\/wp\/v2\/types\/post"}],"author":[{"embeddable":true,"href":"https:\/\/quebriac.fr\/webcommune\/index.php?rest_route=\/wp\/v2\/users\/2"}],"replies":[{"embeddable":true,"href":"https:\/\/quebriac.fr\/webcommune\/index.php?rest_route=%2Fwp%2Fv2%2Fcomments&post=12060"}],"version-history":[{"count":1,"href":"https:\/\/quebriac.fr\/webcommune\/index.php?rest_route=\/wp\/v2\/posts\/12060\/revisions"}],"predecessor-version":[{"id":12061,"href":"https:\/\/quebriac.fr\/webcommune\/index.php?rest_route=\/wp\/v2\/posts\/12060\/revisions\/12061"}],"wp:featuredmedia":[{"embeddable":true,"href":"https:\/\/quebriac.fr\/webcommune\/index.php?rest_route=\/wp\/v2\/media\/12058"}],"wp:attachment":[{"href":"https:\/\/quebriac.fr\/webcommune\/index.php?rest_route=%2Fwp%2Fv2%2Fmedia&parent=12060"}],"wp:term":[{"taxonomy":"category","embeddable":true,"href":"https:\/\/quebriac.fr\/webcommune\/index.php?rest_route=%2Fwp%2Fv2%2Fcategories&post=12060"},{"taxonomy":"post_tag","embeddable":true,"href":"https:\/\/quebriac.fr\/webcommune\/index.php?rest_route=%2Fwp%2Fv2%2Ftags&post=12060"}],"curies":[{"name":"wp","href":"https:\/\/api.w.org\/{rel}","templated":true}]}}