{"id":12086,"date":"2025-07-08T11:42:32","date_gmt":"2025-07-08T09:42:32","guid":{"rendered":"https:\/\/quebriac.fr\/webcommune\/?p=12086"},"modified":"2025-07-08T11:43:20","modified_gmt":"2025-07-08T09:43:20","slug":"distribution-de-kits-deconomie-deau-gratuits-sur-le-territoire-de-la-bretagne-romantique","status":"publish","type":"post","link":"https:\/\/quebriac.fr\/webcommune\/?p=12086","title":{"rendered":"Distribution de kits d\u2019\u00e9conomie d\u2019eau gratuits sur le territoire de la Bretagne romantique"},"content":{"rendered":"<p>Face \u00e0 la rar\u00e9faction de la ressource en eau, \u00e0 partir du 8 juillet la Communaut\u00e9 de communes met \u00e0 disposition des abonn\u00e9s du service de l\u2019eau des kits hydro-\u00e9conomes. Objectif : encourager les \u00e9conomies d\u2019eau au quotidien gr\u00e2ce \u00e0 des \u00e9quipements simples, efficaces et gratuits. Retrouvez ci-dessous le programme des permanences pour le mois de juillet<\/p>\n<p>Le territoire est, comme beaucoup d\u2019autres, confront\u00e9 \u00e0 une pression croissante sur ses ressources en eau : \u00e9pisodes de s\u00e9cheresse prolong\u00e9e, r\u00e9duction du niveau des nappes phr\u00e9atiques, restrictions d\u2019usage r\u00e9p\u00e9t\u00e9es\u2026 Dans ce contexte, chaque geste compte pour pr\u00e9server cette ressource vitale.<\/p>\n<p>C\u2019est pourquoi la Communaut\u00e9 de communes s\u2019engage \u00e0 accompagner les habitants dans leur d\u00e9marche de sobri\u00e9t\u00e9 en eau. Elle propose \u00e0 tous les abonn\u00e9s du service de l\u2019eau de venir retirer un kit hydro-\u00e9conome, enti\u00e8rement gratuit, lors des permanences organis\u00e9es en juillet.<\/p>\n<p>Ces kits permettent de r\u00e9duire jusqu\u2019\u00e0 50 % la consommation d\u2019eau au robinet ou sous la douche, sans perte de confort. Un petit geste pour chacun, un grand pas pour l\u2019environnement !<\/p>\n<p>CONTENU DU KIT HYDRO-ECONOME :<\/p>\n<ul>\n<li>2 a\u00e9rateurs pour robinets (5 L\/min)<\/li>\n<li>1 a\u00e9rateur pour robinet (2,5 L\/min)<\/li>\n<li>1 r\u00e9gulateur de d\u00e9bit pour douche (8 L\/min)<\/li>\n<li>3 joints m\u00e2les<\/li>\n<li>3 joints femelles<\/li>\n<li>1 fiche p\u00e9dagogique imprim\u00e9e sur papier ensemenc\u00e9 (biod\u00e9gradable et \u00e0 planter)<\/li>\n<\/ul>\n<p><strong>\u00a0<\/strong><strong>PERMANENCES DE DISTRIBUTION \u2013 JUILLET 2025\u00a0: <\/strong><\/p>\n<p>Espace Services Bretagne Romantique \u2013 6 avenue Duguesclin, Tint\u00e9niac<\/p>\n<p>Mardi 8 juillet : 9h \u2013 12h30<\/p>\n<p>Mardi 15 juillet :14h \u2013 17h30<\/p>\n<p>Mardi 22 juillet : 14h \u2013 17h30<\/p>\n<p>Mardi 29 juillet : 14h \u2013 17h30<\/p>\n<p>&nbsp;<\/p>\n<p>Mairie de Pleugueneuc \u2013 2 place de la Mairie :<\/p>\n<p>Mercredi 9 juillet : 9h \u2013 12h30<\/p>\n<p>Jeudi 17 juillet : 9h \u2013 12h30<\/p>\n<p>Lundi 21 juillet : 14h \u2013 17h30<\/p>\n<p>Lundi 28 juillet : 14h \u2013 17h30<\/p>\n<p>&nbsp;<\/p>\n<p>Espace Entreprises Bretagne Romantique \u2013 ZA Moulin Madame, 1 all\u00e9e de Lohon, Combourg<\/p>\n<p>Jeudi 10 juillet : 9h \u2013 12h30<\/p>\n<p>Jeudi 17 juillet : 14h \u2013 17h30<\/p>\n<p>Jeudi 24 juillet : 14h \u2013 17h30<\/p>\n<p>Jeudi 31 juillet : 14h \u2013 17h30<\/p>\n<p>&nbsp;<\/p>\n<p>\u00c0 noter : En fonction de l\u2019\u00e9coulement des stocks et de la fr\u00e9quentation des permanences, de nouvelles dates pourront \u00eatre programm\u00e9es.<\/p>\n<p>INFORMATIONS PRATIQUES<\/p>\n<ul>\n<li>Un kit par abonn\u00e9 sur pr\u00e9sentation d\u2019une facture d\u2019eau de moins d\u2019un an<\/li>\n<li>Conseils personnalis\u00e9s sur place : fonctionnement, installation, \u00e9conomies r\u00e9alisables<\/li>\n<li>Distribution gratuite<\/li>\n<li>Plus de renseignements au <strong>02 30 95 01 42\u00a0<\/strong><\/li>\n<\/ul>\n<p><img loading=\"lazy\" decoding=\"async\" class=\"alignnone size-large wp-image-12087\" src=\"https:\/\/quebriac.fr\/webcommune\/wp-content\/uploads\/2025\/07\/kit-1024x1024.jpg\" alt=\"\" width=\"820\" height=\"820\" srcset=\"https:\/\/quebriac.fr\/webcommune\/wp-content\/uploads\/2025\/07\/kit-1024x1024.jpg 1024w, https:\/\/quebriac.fr\/webcommune\/wp-content\/uploads\/2025\/07\/kit-300x300.jpg 300w, https:\/\/quebriac.fr\/webcommune\/wp-content\/uploads\/2025\/07\/kit-150x150.jpg 150w, https:\/\/quebriac.fr\/webcommune\/wp-content\/uploads\/2025\/07\/kit-768x768.jpg 768w, https:\/\/quebriac.fr\/webcommune\/wp-content\/uploads\/2025\/07\/kit.jpg 1385w\" sizes=\"(max-width: 820px) 100vw, 820px\" \/><\/p>\n","protected":false},"excerpt":{"rendered":"<p>Face \u00e0 la rar\u00e9faction de la ressource en eau, \u00e0 partir du 8 juillet la Communaut\u00e9 de communes met \u00e0 disposition des abonn\u00e9s du service de l\u2019eau des kits hydro-\u00e9conomes.\u2026<\/p>\n<p class=\"continue-reading-button\"> <a class=\"continue-reading-link\" href=\"https:\/\/quebriac.fr\/webcommune\/?p=12086\">La suite&#8230;<i class=\"crycon-right-dir\"><\/i><\/a><\/p>\n","protected":false},"author":1,"featured_media":0,"comment_status":"closed","ping_status":"closed","sticky":false,"template":"","format":"standard","meta":{"footnotes":""},"categories":[8,13],"tags":[],"class_list":["post-12086","post","type-post","status-publish","format-standard","hentry","category-bretagne-romantique","category-environnement"],"_links":{"self":[{"href":"https:\/\/quebriac.fr\/webcommune\/index.php?rest_route=\/wp\/v2\/posts\/12086"}],"collection":[{"href":"https:\/\/quebriac.fr\/webcommune\/index.php?rest_route=\/wp\/v2\/posts"}],"about":[{"href":"https:\/\/quebriac.fr\/webcommune\/index.php?rest_route=\/wp\/v2\/types\/post"}],"author":[{"embeddable":true,"href":"https:\/\/quebriac.fr\/webcommune\/index.php?rest_route=\/wp\/v2\/users\/1"}],"replies":[{"embeddable":true,"href":"https:\/\/quebriac.fr\/webcommune\/index.php?rest_route=%2Fwp%2Fv2%2Fcomments&post=12086"}],"version-history":[{"count":2,"href":"https:\/\/quebriac.fr\/webcommune\/index.php?rest_route=\/wp\/v2\/posts\/12086\/revisions"}],"predecessor-version":[{"id":12089,"href":"https:\/\/quebriac.fr\/webcommune\/index.php?rest_route=\/wp\/v2\/posts\/12086\/revisions\/12089"}],"wp:attachment":[{"href":"https:\/\/quebriac.fr\/webcommune\/index.php?rest_route=%2Fwp%2Fv2%2Fmedia&parent=12086"}],"wp:term":[{"taxonomy":"category","embeddable":true,"href":"https:\/\/quebriac.fr\/webcommune\/index.php?rest_route=%2Fwp%2Fv2%2Fcategories&post=12086"},{"taxonomy":"post_tag","embeddable":true,"href":"https:\/\/quebriac.fr\/webcommune\/index.php?rest_route=%2Fwp%2Fv2%2Ftags&post=12086"}],"curies":[{"name":"wp","href":"https:\/\/api.w.org\/{rel}","templated":true}]}}