{"id":12101,"date":"2025-07-12T09:41:23","date_gmt":"2025-07-12T07:41:23","guid":{"rendered":"https:\/\/quebriac.fr\/webcommune\/?p=12101"},"modified":"2025-07-12T09:41:23","modified_gmt":"2025-07-12T07:41:23","slug":"dispositif-argent-de-poche-4","status":"publish","type":"post","link":"https:\/\/quebriac.fr\/webcommune\/?p=12101","title":{"rendered":"Dispositif argent de poche"},"content":{"rendered":"<p><b>Une belle \u00e9dition du dispositif argent de poche 2025. <\/b><\/p>\n<p>Marine, L\u00e9a, Anais, Tom, Dorian, et Ma\u00ebl se disent fiers de leur contribution \u00e0 l&#8217;embellissement de la commune et saluent l\u2019accueil chaleureux des agents municipaux. Un remerciement tout particulier pour le s\u00e9rieux et l&rsquo;attention particuli\u00e8re port\u00e9e par tous les jeunes, aux travaux de peinture, de d\u00e9sherbage du cimeti\u00e8re et de rangement de mat\u00e9riel.<\/p>\n<p><img loading=\"lazy\" decoding=\"async\" class=\"alignnone size-large wp-image-12102\" src=\"https:\/\/quebriac.fr\/webcommune\/wp-content\/uploads\/2025\/07\/518283143_1157824393053261_2228577753774911594_n-1024x768.jpg\" alt=\"\" width=\"820\" height=\"615\" srcset=\"https:\/\/quebriac.fr\/webcommune\/wp-content\/uploads\/2025\/07\/518283143_1157824393053261_2228577753774911594_n-1024x768.jpg 1024w, https:\/\/quebriac.fr\/webcommune\/wp-content\/uploads\/2025\/07\/518283143_1157824393053261_2228577753774911594_n-300x225.jpg 300w, https:\/\/quebriac.fr\/webcommune\/wp-content\/uploads\/2025\/07\/518283143_1157824393053261_2228577753774911594_n-768x576.jpg 768w, https:\/\/quebriac.fr\/webcommune\/wp-content\/uploads\/2025\/07\/518283143_1157824393053261_2228577753774911594_n-1536x1152.jpg 1536w, https:\/\/quebriac.fr\/webcommune\/wp-content\/uploads\/2025\/07\/518283143_1157824393053261_2228577753774911594_n-150x113.jpg 150w, https:\/\/quebriac.fr\/webcommune\/wp-content\/uploads\/2025\/07\/518283143_1157824393053261_2228577753774911594_n.jpg 2000w\" sizes=\"(max-width: 820px) 100vw, 820px\" \/><\/p>\n<p><img loading=\"lazy\" decoding=\"async\" class=\"alignnone size-large wp-image-12103\" src=\"https:\/\/quebriac.fr\/webcommune\/wp-content\/uploads\/2025\/07\/518297902_1157824443053256_6031004113289020324_n-1024x768.jpg\" alt=\"\" width=\"820\" height=\"615\" srcset=\"https:\/\/quebriac.fr\/webcommune\/wp-content\/uploads\/2025\/07\/518297902_1157824443053256_6031004113289020324_n-1024x768.jpg 1024w, https:\/\/quebriac.fr\/webcommune\/wp-content\/uploads\/2025\/07\/518297902_1157824443053256_6031004113289020324_n-300x225.jpg 300w, https:\/\/quebriac.fr\/webcommune\/wp-content\/uploads\/2025\/07\/518297902_1157824443053256_6031004113289020324_n-768x576.jpg 768w, https:\/\/quebriac.fr\/webcommune\/wp-content\/uploads\/2025\/07\/518297902_1157824443053256_6031004113289020324_n-1536x1152.jpg 1536w, https:\/\/quebriac.fr\/webcommune\/wp-content\/uploads\/2025\/07\/518297902_1157824443053256_6031004113289020324_n-150x113.jpg 150w, https:\/\/quebriac.fr\/webcommune\/wp-content\/uploads\/2025\/07\/518297902_1157824443053256_6031004113289020324_n.jpg 2000w\" sizes=\"(max-width: 820px) 100vw, 820px\" \/><\/p>\n<p>&nbsp;<\/p>\n","protected":false},"excerpt":{"rendered":"<p>Une belle \u00e9dition du dispositif argent de poche 2025. Marine, L\u00e9a, Anais, Tom, Dorian, et Ma\u00ebl se disent fiers de leur contribution \u00e0 l&#8217;embellissement de la commune et saluent l\u2019accueil\u2026<\/p>\n<p class=\"continue-reading-button\"> <a class=\"continue-reading-link\" href=\"https:\/\/quebriac.fr\/webcommune\/?p=12101\">La suite&#8230;<i class=\"crycon-right-dir\"><\/i><\/a><\/p>\n","protected":false},"author":1,"featured_media":0,"comment_status":"closed","ping_status":"closed","sticky":false,"template":"","format":"standard","meta":{"footnotes":""},"categories":[16],"tags":[],"class_list":["post-12101","post","type-post","status-publish","format-standard","hentry","category-la-vie-communale"],"_links":{"self":[{"href":"https:\/\/quebriac.fr\/webcommune\/index.php?rest_route=\/wp\/v2\/posts\/12101"}],"collection":[{"href":"https:\/\/quebriac.fr\/webcommune\/index.php?rest_route=\/wp\/v2\/posts"}],"about":[{"href":"https:\/\/quebriac.fr\/webcommune\/index.php?rest_route=\/wp\/v2\/types\/post"}],"author":[{"embeddable":true,"href":"https:\/\/quebriac.fr\/webcommune\/index.php?rest_route=\/wp\/v2\/users\/1"}],"replies":[{"embeddable":true,"href":"https:\/\/quebriac.fr\/webcommune\/index.php?rest_route=%2Fwp%2Fv2%2Fcomments&post=12101"}],"version-history":[{"count":1,"href":"https:\/\/quebriac.fr\/webcommune\/index.php?rest_route=\/wp\/v2\/posts\/12101\/revisions"}],"predecessor-version":[{"id":12104,"href":"https:\/\/quebriac.fr\/webcommune\/index.php?rest_route=\/wp\/v2\/posts\/12101\/revisions\/12104"}],"wp:attachment":[{"href":"https:\/\/quebriac.fr\/webcommune\/index.php?rest_route=%2Fwp%2Fv2%2Fmedia&parent=12101"}],"wp:term":[{"taxonomy":"category","embeddable":true,"href":"https:\/\/quebriac.fr\/webcommune\/index.php?rest_route=%2Fwp%2Fv2%2Fcategories&post=12101"},{"taxonomy":"post_tag","embeddable":true,"href":"https:\/\/quebriac.fr\/webcommune\/index.php?rest_route=%2Fwp%2Fv2%2Ftags&post=12101"}],"curies":[{"name":"wp","href":"https:\/\/api.w.org\/{rel}","templated":true}]}}