{"id":12105,"date":"2025-07-12T11:02:13","date_gmt":"2025-07-12T09:02:13","guid":{"rendered":"https:\/\/quebriac.fr\/webcommune\/?p=12105"},"modified":"2025-07-12T11:09:26","modified_gmt":"2025-07-12T09:09:26","slug":"acces-aux-soins-en-periode-estivale","status":"publish","type":"post","link":"https:\/\/quebriac.fr\/webcommune\/?p=12105","title":{"rendered":"Acc\u00e8s aux soins en p\u00e9riode estivale (ARS Bretagne)"},"content":{"rendered":"<p class=\"ox-3ac07afb3a-MsoNormal\"><b>Besoin d\u2019un m\u00e9decin ? Suivez le bon chemin<\/b><\/p>\n<p class=\"ox-3ac07afb3a-MsoNormal\">1. En premi\u00e8re intention, la sollicitation de son m\u00e9decin traitant ;<\/p>\n<p class=\"ox-3ac07afb3a-MsoNormal\">2. Si celui-ci n\u2019est pas disponible, le recours \u00e0 la carte des lieux de soins, disponible sur Sant\u00e9.fr ;<\/p>\n<p class=\"ox-3ac07afb3a-MsoNormal\">3. Si aucune offre n\u2019est disponible, l\u2019appel au 15 avant de se rendre aux urgences.<\/p>\n<p><img loading=\"lazy\" decoding=\"async\" class=\"alignnone size-large wp-image-12106\" src=\"https:\/\/quebriac.fr\/webcommune\/wp-content\/uploads\/2025\/07\/image001-1024x1024.png\" alt=\"\" width=\"820\" height=\"820\" srcset=\"https:\/\/quebriac.fr\/webcommune\/wp-content\/uploads\/2025\/07\/image001-1024x1024.png 1024w, https:\/\/quebriac.fr\/webcommune\/wp-content\/uploads\/2025\/07\/image001-300x300.png 300w, https:\/\/quebriac.fr\/webcommune\/wp-content\/uploads\/2025\/07\/image001-150x150.png 150w, https:\/\/quebriac.fr\/webcommune\/wp-content\/uploads\/2025\/07\/image001-768x768.png 768w, https:\/\/quebriac.fr\/webcommune\/wp-content\/uploads\/2025\/07\/image001.png 1080w\" sizes=\"(max-width: 820px) 100vw, 820px\" \/><\/p>\n<p class=\"ox-3ac07afb3a-MsoNormal\">\n","protected":false},"excerpt":{"rendered":"<p>Besoin d\u2019un m\u00e9decin ? Suivez le bon chemin 1. En premi\u00e8re intention, la sollicitation de son m\u00e9decin traitant ; 2. Si celui-ci n\u2019est pas disponible, le recours \u00e0 la carte\u2026<\/p>\n<p class=\"continue-reading-button\"> <a class=\"continue-reading-link\" href=\"https:\/\/quebriac.fr\/webcommune\/?p=12105\">La suite&#8230;<i class=\"crycon-right-dir\"><\/i><\/a><\/p>\n","protected":false},"author":1,"featured_media":0,"comment_status":"closed","ping_status":"closed","sticky":false,"template":"","format":"standard","meta":{"footnotes":""},"categories":[27],"tags":[],"class_list":["post-12105","post","type-post","status-publish","format-standard","hentry","category-sante"],"_links":{"self":[{"href":"https:\/\/quebriac.fr\/webcommune\/index.php?rest_route=\/wp\/v2\/posts\/12105"}],"collection":[{"href":"https:\/\/quebriac.fr\/webcommune\/index.php?rest_route=\/wp\/v2\/posts"}],"about":[{"href":"https:\/\/quebriac.fr\/webcommune\/index.php?rest_route=\/wp\/v2\/types\/post"}],"author":[{"embeddable":true,"href":"https:\/\/quebriac.fr\/webcommune\/index.php?rest_route=\/wp\/v2\/users\/1"}],"replies":[{"embeddable":true,"href":"https:\/\/quebriac.fr\/webcommune\/index.php?rest_route=%2Fwp%2Fv2%2Fcomments&post=12105"}],"version-history":[{"count":3,"href":"https:\/\/quebriac.fr\/webcommune\/index.php?rest_route=\/wp\/v2\/posts\/12105\/revisions"}],"predecessor-version":[{"id":12109,"href":"https:\/\/quebriac.fr\/webcommune\/index.php?rest_route=\/wp\/v2\/posts\/12105\/revisions\/12109"}],"wp:attachment":[{"href":"https:\/\/quebriac.fr\/webcommune\/index.php?rest_route=%2Fwp%2Fv2%2Fmedia&parent=12105"}],"wp:term":[{"taxonomy":"category","embeddable":true,"href":"https:\/\/quebriac.fr\/webcommune\/index.php?rest_route=%2Fwp%2Fv2%2Fcategories&post=12105"},{"taxonomy":"post_tag","embeddable":true,"href":"https:\/\/quebriac.fr\/webcommune\/index.php?rest_route=%2Fwp%2Fv2%2Ftags&post=12105"}],"curies":[{"name":"wp","href":"https:\/\/api.w.org\/{rel}","templated":true}]}}