{"id":12114,"date":"2025-07-15T10:34:03","date_gmt":"2025-07-15T08:34:03","guid":{"rendered":"https:\/\/quebriac.fr\/webcommune\/?p=12114"},"modified":"2025-07-15T10:38:45","modified_gmt":"2025-07-15T08:38:45","slug":"arrete-prefectoral-5","status":"publish","type":"post","link":"https:\/\/quebriac.fr\/webcommune\/?p=12114","title":{"rendered":"Arr\u00eat\u00e9 pr\u00e9fectoral"},"content":{"rendered":"<p>Suite au comit\u00e9 de gestion de la ressource en eau du 8 juillet 2025, <b>le pr\u00e9fet d&rsquo;Ille-et-Vilaine a plac\u00e9 le d\u00e9partement en alerte s\u00e9cheresse quelle que soit l&rsquo;origine de l&rsquo;eau utilis\u00e9e<\/b>. Cela implique la mise en \u0153uvre de restriction ou d&rsquo;interdiction des usages de l&rsquo;eau.<\/p>\n<p><a href=\"https:\/\/www.ille-et-vilaine.gouv.fr\/contenu\/telechargement\/76656\/608250\/file\/2025_07_11_DDTM_AP_Alerte_EDCH_MA_signe.pdf\" target=\"_blank\" rel=\"noopener\">T\u00e9l\u00e9charger l&rsquo;arr\u00eat\u00e9<\/a><\/p>\n<p>Vous pouvez acc\u00e9der au tableau de l&rsquo;ensemble de mesures qui s&rsquo;appliquent en fonction du niveau de s\u00e9cheresse via ce lien :<\/p>\n<p><a href=\"https:\/\/www.ille-et-vilaine.gouv.fr\/contenu\/telechargement\/76432\/606839\/file\/ACS-35_20230728_annexe_3_%20mesures-de-restriction.pdf\" target=\"_blank\" rel=\"noopener\">https:\/\/www.ille-et-vilaine.gouv.fr\/contenu\/telechargement\/76432\/606839\/file\/ACS-35_20230728_annexe_3_%20mesures-de-restriction.pdf<\/a><\/p>\n","protected":false},"excerpt":{"rendered":"<p>Suite au comit\u00e9 de gestion de la ressource en eau du 8 juillet 2025, le pr\u00e9fet d&rsquo;Ille-et-Vilaine a plac\u00e9 le d\u00e9partement en alerte s\u00e9cheresse quelle que soit l&rsquo;origine de l&rsquo;eau\u2026<\/p>\n<p class=\"continue-reading-button\"> <a class=\"continue-reading-link\" href=\"https:\/\/quebriac.fr\/webcommune\/?p=12114\">La suite&#8230;<i class=\"crycon-right-dir\"><\/i><\/a><\/p>\n","protected":false},"author":1,"featured_media":1164,"comment_status":"closed","ping_status":"closed","sticky":false,"template":"","format":"standard","meta":{"footnotes":""},"categories":[29],"tags":[],"class_list":["post-12114","post","type-post","status-publish","format-standard","has-post-thumbnail","hentry","category-pouvoirs-publics"],"_links":{"self":[{"href":"https:\/\/quebriac.fr\/webcommune\/index.php?rest_route=\/wp\/v2\/posts\/12114"}],"collection":[{"href":"https:\/\/quebriac.fr\/webcommune\/index.php?rest_route=\/wp\/v2\/posts"}],"about":[{"href":"https:\/\/quebriac.fr\/webcommune\/index.php?rest_route=\/wp\/v2\/types\/post"}],"author":[{"embeddable":true,"href":"https:\/\/quebriac.fr\/webcommune\/index.php?rest_route=\/wp\/v2\/users\/1"}],"replies":[{"embeddable":true,"href":"https:\/\/quebriac.fr\/webcommune\/index.php?rest_route=%2Fwp%2Fv2%2Fcomments&post=12114"}],"version-history":[{"count":6,"href":"https:\/\/quebriac.fr\/webcommune\/index.php?rest_route=\/wp\/v2\/posts\/12114\/revisions"}],"predecessor-version":[{"id":12120,"href":"https:\/\/quebriac.fr\/webcommune\/index.php?rest_route=\/wp\/v2\/posts\/12114\/revisions\/12120"}],"wp:featuredmedia":[{"embeddable":true,"href":"https:\/\/quebriac.fr\/webcommune\/index.php?rest_route=\/wp\/v2\/media\/1164"}],"wp:attachment":[{"href":"https:\/\/quebriac.fr\/webcommune\/index.php?rest_route=%2Fwp%2Fv2%2Fmedia&parent=12114"}],"wp:term":[{"taxonomy":"category","embeddable":true,"href":"https:\/\/quebriac.fr\/webcommune\/index.php?rest_route=%2Fwp%2Fv2%2Fcategories&post=12114"},{"taxonomy":"post_tag","embeddable":true,"href":"https:\/\/quebriac.fr\/webcommune\/index.php?rest_route=%2Fwp%2Fv2%2Ftags&post=12114"}],"curies":[{"name":"wp","href":"https:\/\/api.w.org\/{rel}","templated":true}]}}