{"id":12492,"date":"2025-10-23T14:24:34","date_gmt":"2025-10-23T12:24:34","guid":{"rendered":"https:\/\/quebriac.fr\/webcommune\/?p=12492"},"modified":"2025-10-23T14:36:53","modified_gmt":"2025-10-23T12:36:53","slug":"travaux-routiers","status":"publish","type":"post","link":"https:\/\/quebriac.fr\/webcommune\/?p=12492","title":{"rendered":"Travaux routiers \u00e0 la Haute Vend\u00e9e"},"content":{"rendered":"<p>Du 27\/10\/2025 au 07\/11\/2025<\/p>\n<p><img loading=\"lazy\" decoding=\"async\" class=\"alignnone size-large wp-image-12493\" src=\"https:\/\/quebriac.fr\/webcommune\/wp-content\/uploads\/2025\/10\/ar2-1-724x1024.jpg\" alt=\"\" width=\"724\" height=\"1024\" srcset=\"https:\/\/quebriac.fr\/webcommune\/wp-content\/uploads\/2025\/10\/ar2-1-724x1024.jpg 724w, https:\/\/quebriac.fr\/webcommune\/wp-content\/uploads\/2025\/10\/ar2-1-212x300.jpg 212w, https:\/\/quebriac.fr\/webcommune\/wp-content\/uploads\/2025\/10\/ar2-1-768x1086.jpg 768w, https:\/\/quebriac.fr\/webcommune\/wp-content\/uploads\/2025\/10\/ar2-1-1086x1536.jpg 1086w, https:\/\/quebriac.fr\/webcommune\/wp-content\/uploads\/2025\/10\/ar2-1-106x150.jpg 106w, https:\/\/quebriac.fr\/webcommune\/wp-content\/uploads\/2025\/10\/ar2-1.jpg 1200w\" sizes=\"(max-width: 724px) 100vw, 724px\" \/><!--more--><\/p>\n<p><a href=\"https:\/\/quebriac.fr\/webcommune\/wp-content\/uploads\/2025\/10\/haute_vendee.pdf\" target=\"_blank\" rel=\"noopener\">T\u00e9l\u00e9charger l&rsquo;arr\u00eat\u00e9<\/a><\/p>\n","protected":false},"excerpt":{"rendered":"<p>Du 27\/10\/2025 au 07\/11\/2025<\/p>\n<p class=\"continue-reading-button\"> <a class=\"continue-reading-link\" href=\"https:\/\/quebriac.fr\/webcommune\/?p=12492\">La suite&#8230;<i class=\"crycon-right-dir\"><\/i><\/a><\/p>\n","protected":false},"author":1,"featured_media":4842,"comment_status":"closed","ping_status":"closed","sticky":false,"template":"","format":"standard","meta":{"footnotes":""},"categories":[5,23],"tags":[],"class_list":["post-12492","post","type-post","status-publish","format-standard","has-post-thumbnail","hentry","category-arrete-municipal","category-travaux"],"_links":{"self":[{"href":"https:\/\/quebriac.fr\/webcommune\/index.php?rest_route=\/wp\/v2\/posts\/12492"}],"collection":[{"href":"https:\/\/quebriac.fr\/webcommune\/index.php?rest_route=\/wp\/v2\/posts"}],"about":[{"href":"https:\/\/quebriac.fr\/webcommune\/index.php?rest_route=\/wp\/v2\/types\/post"}],"author":[{"embeddable":true,"href":"https:\/\/quebriac.fr\/webcommune\/index.php?rest_route=\/wp\/v2\/users\/1"}],"replies":[{"embeddable":true,"href":"https:\/\/quebriac.fr\/webcommune\/index.php?rest_route=%2Fwp%2Fv2%2Fcomments&post=12492"}],"version-history":[{"count":5,"href":"https:\/\/quebriac.fr\/webcommune\/index.php?rest_route=\/wp\/v2\/posts\/12492\/revisions"}],"predecessor-version":[{"id":12499,"href":"https:\/\/quebriac.fr\/webcommune\/index.php?rest_route=\/wp\/v2\/posts\/12492\/revisions\/12499"}],"wp:featuredmedia":[{"embeddable":true,"href":"https:\/\/quebriac.fr\/webcommune\/index.php?rest_route=\/wp\/v2\/media\/4842"}],"wp:attachment":[{"href":"https:\/\/quebriac.fr\/webcommune\/index.php?rest_route=%2Fwp%2Fv2%2Fmedia&parent=12492"}],"wp:term":[{"taxonomy":"category","embeddable":true,"href":"https:\/\/quebriac.fr\/webcommune\/index.php?rest_route=%2Fwp%2Fv2%2Fcategories&post=12492"},{"taxonomy":"post_tag","embeddable":true,"href":"https:\/\/quebriac.fr\/webcommune\/index.php?rest_route=%2Fwp%2Fv2%2Ftags&post=12492"}],"curies":[{"name":"wp","href":"https:\/\/api.w.org\/{rel}","templated":true}]}}