{"id":12500,"date":"2025-10-23T17:22:01","date_gmt":"2025-10-23T15:22:01","guid":{"rendered":"https:\/\/quebriac.fr\/webcommune\/?p=12500"},"modified":"2025-10-23T17:28:45","modified_gmt":"2025-10-23T15:28:45","slug":"cafe-de-lemploi","status":"publish","type":"post","link":"https:\/\/quebriac.fr\/webcommune\/?p=12500","title":{"rendered":"Caf\u00e9 de l\u2019emploi"},"content":{"rendered":"<p>Vous \u00eates \u00e0 la recherche d\u2019un emploi ? Venez rencontrer les entreprises qui recrutent sur votre territoire !<\/p>\n<p>La Communaut\u00e9 de communes Bretagne romantique et France Travail organisent un Caf\u00e9 de l\u2019emploi \u00e0 Tint\u00e9niac, au Lieu Jaune, le mardi 25 novembre 2025, de 9h \u00e0 11h.<\/p>\n<p>Cet \u00e9v\u00e9nement convivial est l\u2019occasion d\u2019\u00e9changer directement avec des recruteurs locaux, de d\u00e9couvrir leurs offres d\u2019emploi et de pr\u00e9senter votre parcours dans un cadre d\u00e9tendu et accessible.<\/p>\n<p>Deux cr\u00e9neaux de participation sont propos\u00e9s :<\/p>\n<ul>\n<li>de 9h \u00e0 10h : <a href=\"https:\/\/mesevenementsemploi.francetravail.fr\/mes-evenements-emploi\/evenement\/512295\/cafe-de-l-emploi-tinteniac-venez-rencontrez-les-entreprises-de-la-bretagne-romantique-qui-recrutent-tinteniac\" target=\"_blank\" rel=\"noopener\">https:\/\/mesevenementsemploi.francetravail.fr\/mes-evenements-emploi\/evenement\/512295\/cafe-de-l-emploi-tinteniac-venez-rencontrez-les-entreprises-de-la-bretagne-romantique-qui-recrutent-tinteniac<\/a><\/li>\n<li>de 10h \u00e0 11h : <a href=\"https:\/\/mesevenementsemploi.francetravail.fr\/mes-evenements-emploi\/evenement\/512302\/cafe-de-l-emploi-tinteniac-venez-rencontrez-les-entreprises-de-la-bretagne-romantique-qui-recrutent-tinteniac\" target=\"_blank\" rel=\"noopener\">https:\/\/mesevenementsemploi.francetravail.fr\/mes-evenements-emploi\/evenement\/512302\/cafe-de-l-emploi-tinteniac-venez-rencontrez-les-entreprises-de-la-bretagne-romantique-qui-recrutent-tinteniac<\/a><\/li>\n<\/ul>\n<p>Pensez \u00e0 venir avec votre CV !<\/p>\n<p><img loading=\"lazy\" decoding=\"async\" class=\"alignnone size-large wp-image-12501\" src=\"https:\/\/quebriac.fr\/webcommune\/wp-content\/uploads\/2025\/10\/KIT-COMCafe-emploi-Affiche-DE-724x1024.jpg\" alt=\"\" width=\"724\" height=\"1024\" srcset=\"https:\/\/quebriac.fr\/webcommune\/wp-content\/uploads\/2025\/10\/KIT-COMCafe-emploi-Affiche-DE-724x1024.jpg 724w, https:\/\/quebriac.fr\/webcommune\/wp-content\/uploads\/2025\/10\/KIT-COMCafe-emploi-Affiche-DE-212x300.jpg 212w, https:\/\/quebriac.fr\/webcommune\/wp-content\/uploads\/2025\/10\/KIT-COMCafe-emploi-Affiche-DE-768x1086.jpg 768w, https:\/\/quebriac.fr\/webcommune\/wp-content\/uploads\/2025\/10\/KIT-COMCafe-emploi-Affiche-DE-106x150.jpg 106w, https:\/\/quebriac.fr\/webcommune\/wp-content\/uploads\/2025\/10\/KIT-COMCafe-emploi-Affiche-DE.jpg 842w\" sizes=\"(max-width: 724px) 100vw, 724px\" \/><\/p>\n<p>&nbsp;<\/p>\n<p>Plus d\u2019informations et inscriptions sur : mesevenementsemploi.francetravail.fr<\/p>\n","protected":false},"excerpt":{"rendered":"<p>Vous \u00eates \u00e0 la recherche d\u2019un emploi ? Venez rencontrer les entreprises qui recrutent sur votre territoire ! La Communaut\u00e9 de communes Bretagne romantique et France Travail organisent un Caf\u00e9\u2026<\/p>\n<p class=\"continue-reading-button\"> <a class=\"continue-reading-link\" href=\"https:\/\/quebriac.fr\/webcommune\/?p=12500\">La suite&#8230;<i class=\"crycon-right-dir\"><\/i><\/a><\/p>\n","protected":false},"author":1,"featured_media":0,"comment_status":"closed","ping_status":"closed","sticky":false,"template":"","format":"standard","meta":{"footnotes":""},"categories":[8,28],"tags":[],"class_list":["post-12500","post","type-post","status-publish","format-standard","hentry","category-bretagne-romantique","category-emploi"],"_links":{"self":[{"href":"https:\/\/quebriac.fr\/webcommune\/index.php?rest_route=\/wp\/v2\/posts\/12500"}],"collection":[{"href":"https:\/\/quebriac.fr\/webcommune\/index.php?rest_route=\/wp\/v2\/posts"}],"about":[{"href":"https:\/\/quebriac.fr\/webcommune\/index.php?rest_route=\/wp\/v2\/types\/post"}],"author":[{"embeddable":true,"href":"https:\/\/quebriac.fr\/webcommune\/index.php?rest_route=\/wp\/v2\/users\/1"}],"replies":[{"embeddable":true,"href":"https:\/\/quebriac.fr\/webcommune\/index.php?rest_route=%2Fwp%2Fv2%2Fcomments&post=12500"}],"version-history":[{"count":3,"href":"https:\/\/quebriac.fr\/webcommune\/index.php?rest_route=\/wp\/v2\/posts\/12500\/revisions"}],"predecessor-version":[{"id":12504,"href":"https:\/\/quebriac.fr\/webcommune\/index.php?rest_route=\/wp\/v2\/posts\/12500\/revisions\/12504"}],"wp:attachment":[{"href":"https:\/\/quebriac.fr\/webcommune\/index.php?rest_route=%2Fwp%2Fv2%2Fmedia&parent=12500"}],"wp:term":[{"taxonomy":"category","embeddable":true,"href":"https:\/\/quebriac.fr\/webcommune\/index.php?rest_route=%2Fwp%2Fv2%2Fcategories&post=12500"},{"taxonomy":"post_tag","embeddable":true,"href":"https:\/\/quebriac.fr\/webcommune\/index.php?rest_route=%2Fwp%2Fv2%2Ftags&post=12500"}],"curies":[{"name":"wp","href":"https:\/\/api.w.org\/{rel}","templated":true}]}}