{"id":12505,"date":"2025-10-24T16:54:23","date_gmt":"2025-10-24T14:54:23","guid":{"rendered":"https:\/\/quebriac.fr\/webcommune\/?p=12505"},"modified":"2025-10-24T16:54:23","modified_gmt":"2025-10-24T14:54:23","slug":"dispositif-argent-de-poche-6","status":"publish","type":"post","link":"https:\/\/quebriac.fr\/webcommune\/?p=12505","title":{"rendered":"Dispositif argent de poche"},"content":{"rendered":"<div class=\"content noI18n colorQuoted\">\n<div id=\"ox-9f011e21da\">\n<p>Dorian, Tom et Fabian, trois jeunes de la commune, encadr\u00e9s par des agents communaux, ont particip\u00e9 \u00e0 des travaux d&rsquo;entretien dans le cadre du dispositif argent de poche.<\/p>\n<p>Entretien du cimeti\u00e8re, des parterres de la commune et plantation de bulbes de jonquilles ont fait partie de leur mission cette semaine.<\/p>\n<p>F\u00e9licitations pour cet engagement au service de la commune.<\/p>\n<p><img loading=\"lazy\" decoding=\"async\" class=\"alignnone size-full wp-image-12506\" src=\"https:\/\/quebriac.fr\/webcommune\/wp-content\/uploads\/2025\/10\/20251022_113825.jpg\" alt=\"\" width=\"1024\" height=\"768\" srcset=\"https:\/\/quebriac.fr\/webcommune\/wp-content\/uploads\/2025\/10\/20251022_113825.jpg 1024w, https:\/\/quebriac.fr\/webcommune\/wp-content\/uploads\/2025\/10\/20251022_113825-300x225.jpg 300w, https:\/\/quebriac.fr\/webcommune\/wp-content\/uploads\/2025\/10\/20251022_113825-768x576.jpg 768w, https:\/\/quebriac.fr\/webcommune\/wp-content\/uploads\/2025\/10\/20251022_113825-150x113.jpg 150w\" sizes=\"(max-width: 1024px) 100vw, 1024px\" \/> <img loading=\"lazy\" decoding=\"async\" class=\"alignnone size-large wp-image-12507\" src=\"https:\/\/quebriac.fr\/webcommune\/wp-content\/uploads\/2025\/10\/DSC_1093.jpg\" alt=\"\" width=\"820\" height=\"545\" srcset=\"https:\/\/quebriac.fr\/webcommune\/wp-content\/uploads\/2025\/10\/DSC_1093.jpg 1024w, https:\/\/quebriac.fr\/webcommune\/wp-content\/uploads\/2025\/10\/DSC_1093-300x200.jpg 300w, https:\/\/quebriac.fr\/webcommune\/wp-content\/uploads\/2025\/10\/DSC_1093-768x511.jpg 768w, https:\/\/quebriac.fr\/webcommune\/wp-content\/uploads\/2025\/10\/DSC_1093-150x100.jpg 150w, https:\/\/quebriac.fr\/webcommune\/wp-content\/uploads\/2025\/10\/DSC_1093-272x182.jpg 272w\" sizes=\"(max-width: 820px) 100vw, 820px\" \/> <img loading=\"lazy\" decoding=\"async\" class=\"alignnone size-large wp-image-12508\" src=\"https:\/\/quebriac.fr\/webcommune\/wp-content\/uploads\/2025\/10\/DSC_1098.jpg\" alt=\"\" width=\"820\" height=\"545\" srcset=\"https:\/\/quebriac.fr\/webcommune\/wp-content\/uploads\/2025\/10\/DSC_1098.jpg 1024w, https:\/\/quebriac.fr\/webcommune\/wp-content\/uploads\/2025\/10\/DSC_1098-300x200.jpg 300w, https:\/\/quebriac.fr\/webcommune\/wp-content\/uploads\/2025\/10\/DSC_1098-768x511.jpg 768w, https:\/\/quebriac.fr\/webcommune\/wp-content\/uploads\/2025\/10\/DSC_1098-150x100.jpg 150w, https:\/\/quebriac.fr\/webcommune\/wp-content\/uploads\/2025\/10\/DSC_1098-272x182.jpg 272w\" sizes=\"(max-width: 820px) 100vw, 820px\" \/> <img loading=\"lazy\" decoding=\"async\" class=\"alignnone size-large wp-image-12509\" src=\"https:\/\/quebriac.fr\/webcommune\/wp-content\/uploads\/2025\/10\/image0000002.jpg\" alt=\"\" width=\"820\" height=\"461\" srcset=\"https:\/\/quebriac.fr\/webcommune\/wp-content\/uploads\/2025\/10\/image0000002.jpg 1024w, https:\/\/quebriac.fr\/webcommune\/wp-content\/uploads\/2025\/10\/image0000002-300x169.jpg 300w, https:\/\/quebriac.fr\/webcommune\/wp-content\/uploads\/2025\/10\/image0000002-768x432.jpg 768w, https:\/\/quebriac.fr\/webcommune\/wp-content\/uploads\/2025\/10\/image0000002-150x84.jpg 150w\" sizes=\"(max-width: 820px) 100vw, 820px\" \/><\/p>\n<\/div>\n<\/div>\n","protected":false},"excerpt":{"rendered":"<p>Dorian, Tom et Fabian, trois jeunes de la commune, encadr\u00e9s par des agents communaux, ont particip\u00e9 \u00e0 des travaux d&rsquo;entretien dans le cadre du dispositif argent de poche. Entretien du\u2026<\/p>\n<p class=\"continue-reading-button\"> <a class=\"continue-reading-link\" href=\"https:\/\/quebriac.fr\/webcommune\/?p=12505\">La suite&#8230;<i class=\"crycon-right-dir\"><\/i><\/a><\/p>\n","protected":false},"author":1,"featured_media":0,"comment_status":"closed","ping_status":"closed","sticky":false,"template":"","format":"standard","meta":{"footnotes":""},"categories":[16],"tags":[],"class_list":["post-12505","post","type-post","status-publish","format-standard","hentry","category-la-vie-communale"],"_links":{"self":[{"href":"https:\/\/quebriac.fr\/webcommune\/index.php?rest_route=\/wp\/v2\/posts\/12505"}],"collection":[{"href":"https:\/\/quebriac.fr\/webcommune\/index.php?rest_route=\/wp\/v2\/posts"}],"about":[{"href":"https:\/\/quebriac.fr\/webcommune\/index.php?rest_route=\/wp\/v2\/types\/post"}],"author":[{"embeddable":true,"href":"https:\/\/quebriac.fr\/webcommune\/index.php?rest_route=\/wp\/v2\/users\/1"}],"replies":[{"embeddable":true,"href":"https:\/\/quebriac.fr\/webcommune\/index.php?rest_route=%2Fwp%2Fv2%2Fcomments&post=12505"}],"version-history":[{"count":1,"href":"https:\/\/quebriac.fr\/webcommune\/index.php?rest_route=\/wp\/v2\/posts\/12505\/revisions"}],"predecessor-version":[{"id":12510,"href":"https:\/\/quebriac.fr\/webcommune\/index.php?rest_route=\/wp\/v2\/posts\/12505\/revisions\/12510"}],"wp:attachment":[{"href":"https:\/\/quebriac.fr\/webcommune\/index.php?rest_route=%2Fwp%2Fv2%2Fmedia&parent=12505"}],"wp:term":[{"taxonomy":"category","embeddable":true,"href":"https:\/\/quebriac.fr\/webcommune\/index.php?rest_route=%2Fwp%2Fv2%2Fcategories&post=12505"},{"taxonomy":"post_tag","embeddable":true,"href":"https:\/\/quebriac.fr\/webcommune\/index.php?rest_route=%2Fwp%2Fv2%2Ftags&post=12505"}],"curies":[{"name":"wp","href":"https:\/\/api.w.org\/{rel}","templated":true}]}}