{"id":12918,"date":"2026-01-30T11:00:00","date_gmt":"2026-01-30T09:00:00","guid":{"rendered":"https:\/\/quebriac.fr\/webcommune\/?p=12918"},"modified":"2026-02-04T11:07:45","modified_gmt":"2026-02-04T09:07:45","slug":"reunions-dinformations-bien-choisir-son-mode-de-garde","status":"publish","type":"post","link":"https:\/\/quebriac.fr\/webcommune\/?p=12918","title":{"rendered":"R\u00e9unions d\u2019informations : bien choisir son mode de garde"},"content":{"rendered":"<p>Le Relais Petite Enfance de la Bretagne romantique accompagne les parents du territoire \u00e0 la recherche d&rsquo;un mode de garde pour leur tout petit.<!--more--><\/p>\n<p>Cr\u00e8che, micro-cr\u00e8che, garde \u00e0 domicile, MAM ou assistant-e maternel-le ? Pas toujours facile de s\u2019y retrouver parmi toutes ces possibilit\u00e9s\u2026 Pour accompagner les parents dans ce choix important, le Relais Petite Enfance organise d\u00e9sormais des r\u00e9unions d\u2019information mensuelles, gratuites et ouvertes \u00e0 toutes et tous.<\/p>\n<p><strong>Un temps pour s\u2019informer et \u00e9changer <\/strong><\/p>\n<p><strong>Ces rencontres sont l\u2019occasion de :<\/strong><\/p>\n<ul>\n<li>D\u00e9couvrir les diff\u00e9rents modes de garde existants<\/li>\n<li>Comprendre leurs avantages et contraintes<\/li>\n<li>Poser toutes ses questions directement \u00e0 des professionnel\u2022le\u2022s de la petite enfance<\/li>\n<li>\u00catre accompagn\u00e9 pas \u00e0 pas dans sa r\u00e9flexion pour faire le choix le plus adapt\u00e9 \u00e0 son enfant et \u00e0 sa famille<\/li>\n<\/ul>\n<p><strong>Espace Services Bretagne romantique \u00e0 Tint\u00e9niac :<\/strong><\/p>\n<ul>\n<li>30 mars 2026<\/li>\n<li>1er juin<\/li>\n<\/ul>\n<p><strong>Maison France-Services \u00e0 Combourg :<\/strong><\/p>\n<ul>\n<li>9 f\u00e9vrier 2026<\/li>\n<li>27 avril 2026<\/li>\n<li>6 juillet 2026<\/li>\n<\/ul>\n<p><strong>Informations pratiques<\/strong><br \/>\n\u2022 Participation gratuite, sans inscription pr\u00e9alable.<br \/>\n\u2022 Ouvert \u00e0 tous les parents et futurs parents du territoire.<br \/>\nPour toute question ou information compl\u00e9mentaire, vous pouvez contacter le Relais Petite Enfance : rpe@bretagneromantique.fr ou 02 99 45 20 12<\/p>\n<p><img loading=\"lazy\" decoding=\"async\" class=\"alignnone size-large wp-image-12920\" src=\"https:\/\/quebriac.fr\/webcommune\/wp-content\/uploads\/2026\/01\/Affiche-WEB-725x1024.png\" alt=\"\" width=\"725\" height=\"1024\" srcset=\"https:\/\/quebriac.fr\/webcommune\/wp-content\/uploads\/2026\/01\/Affiche-WEB-725x1024.png 725w, https:\/\/quebriac.fr\/webcommune\/wp-content\/uploads\/2026\/01\/Affiche-WEB-212x300.png 212w, https:\/\/quebriac.fr\/webcommune\/wp-content\/uploads\/2026\/01\/Affiche-WEB-768x1085.png 768w, https:\/\/quebriac.fr\/webcommune\/wp-content\/uploads\/2026\/01\/Affiche-WEB-106x150.png 106w, https:\/\/quebriac.fr\/webcommune\/wp-content\/uploads\/2026\/01\/Affiche-WEB.png 843w\" sizes=\"(max-width: 725px) 100vw, 725px\" \/><\/p>\n","protected":false},"excerpt":{"rendered":"<p>Le Relais Petite Enfance de la Bretagne romantique accompagne les parents du territoire \u00e0 la recherche d&rsquo;un mode de garde pour leur tout petit.<\/p>\n<p class=\"continue-reading-button\"> <a class=\"continue-reading-link\" href=\"https:\/\/quebriac.fr\/webcommune\/?p=12918\">La suite&#8230;<i class=\"crycon-right-dir\"><\/i><\/a><\/p>\n","protected":false},"author":1,"featured_media":7674,"comment_status":"closed","ping_status":"closed","sticky":false,"template":"","format":"standard","meta":{"footnotes":""},"categories":[8],"tags":[],"class_list":["post-12918","post","type-post","status-publish","format-standard","has-post-thumbnail","hentry","category-bretagne-romantique"],"_links":{"self":[{"href":"https:\/\/quebriac.fr\/webcommune\/index.php?rest_route=\/wp\/v2\/posts\/12918"}],"collection":[{"href":"https:\/\/quebriac.fr\/webcommune\/index.php?rest_route=\/wp\/v2\/posts"}],"about":[{"href":"https:\/\/quebriac.fr\/webcommune\/index.php?rest_route=\/wp\/v2\/types\/post"}],"author":[{"embeddable":true,"href":"https:\/\/quebriac.fr\/webcommune\/index.php?rest_route=\/wp\/v2\/users\/1"}],"replies":[{"embeddable":true,"href":"https:\/\/quebriac.fr\/webcommune\/index.php?rest_route=%2Fwp%2Fv2%2Fcomments&post=12918"}],"version-history":[{"count":5,"href":"https:\/\/quebriac.fr\/webcommune\/index.php?rest_route=\/wp\/v2\/posts\/12918\/revisions"}],"predecessor-version":[{"id":12929,"href":"https:\/\/quebriac.fr\/webcommune\/index.php?rest_route=\/wp\/v2\/posts\/12918\/revisions\/12929"}],"wp:featuredmedia":[{"embeddable":true,"href":"https:\/\/quebriac.fr\/webcommune\/index.php?rest_route=\/wp\/v2\/media\/7674"}],"wp:attachment":[{"href":"https:\/\/quebriac.fr\/webcommune\/index.php?rest_route=%2Fwp%2Fv2%2Fmedia&parent=12918"}],"wp:term":[{"taxonomy":"category","embeddable":true,"href":"https:\/\/quebriac.fr\/webcommune\/index.php?rest_route=%2Fwp%2Fv2%2Fcategories&post=12918"},{"taxonomy":"post_tag","embeddable":true,"href":"https:\/\/quebriac.fr\/webcommune\/index.php?rest_route=%2Fwp%2Fv2%2Ftags&post=12918"}],"curies":[{"name":"wp","href":"https:\/\/api.w.org\/{rel}","templated":true}]}}