{"id":13040,"date":"2026-03-11T23:19:03","date_gmt":"2026-03-11T21:19:03","guid":{"rendered":"https:\/\/quebriac.fr\/webcommune\/?p=13040"},"modified":"2026-03-12T11:16:38","modified_gmt":"2026-03-12T09:16:38","slug":"marche-de-quebriac-5","status":"publish","type":"post","link":"https:\/\/quebriac.fr\/webcommune\/?p=13040","title":{"rendered":"March\u00e9 de Qu\u00e9briac"},"content":{"rendered":"<p>D\u00e9s jeudi 12 mars pr\u00e9sence de BREIZ MAR\u00c9E, vente de poissons, coquillages et crustac\u00e9s.<\/p>\n<p><img loading=\"lazy\" decoding=\"async\" class=\"alignnone size-large wp-image-13041\" src=\"https:\/\/quebriac.fr\/webcommune\/wp-content\/uploads\/2026\/03\/marche-683x1024.jpg\" alt=\"\" width=\"683\" height=\"1024\" srcset=\"https:\/\/quebriac.fr\/webcommune\/wp-content\/uploads\/2026\/03\/marche-683x1024.jpg 683w, https:\/\/quebriac.fr\/webcommune\/wp-content\/uploads\/2026\/03\/marche-200x300.jpg 200w, https:\/\/quebriac.fr\/webcommune\/wp-content\/uploads\/2026\/03\/marche-768x1152.jpg 768w, https:\/\/quebriac.fr\/webcommune\/wp-content\/uploads\/2026\/03\/marche-100x150.jpg 100w, https:\/\/quebriac.fr\/webcommune\/wp-content\/uploads\/2026\/03\/marche.jpg 1024w\" sizes=\"(max-width: 683px) 100vw, 683px\" \/><\/p>\n","protected":false},"excerpt":{"rendered":"<p>D\u00e9s jeudi 12 mars pr\u00e9sence de BREIZ MAR\u00c9E, vente de poissons, coquillages et crustac\u00e9s.<\/p>\n<p class=\"continue-reading-button\"> <a class=\"continue-reading-link\" href=\"https:\/\/quebriac.fr\/webcommune\/?p=13040\">La suite&#8230;<i class=\"crycon-right-dir\"><\/i><\/a><\/p>\n","protected":false},"author":1,"featured_media":9795,"comment_status":"closed","ping_status":"closed","sticky":false,"template":"","format":"standard","meta":{"footnotes":""},"categories":[16],"tags":[],"class_list":["post-13040","post","type-post","status-publish","format-standard","has-post-thumbnail","hentry","category-la-vie-communale"],"_links":{"self":[{"href":"https:\/\/quebriac.fr\/webcommune\/index.php?rest_route=\/wp\/v2\/posts\/13040"}],"collection":[{"href":"https:\/\/quebriac.fr\/webcommune\/index.php?rest_route=\/wp\/v2\/posts"}],"about":[{"href":"https:\/\/quebriac.fr\/webcommune\/index.php?rest_route=\/wp\/v2\/types\/post"}],"author":[{"embeddable":true,"href":"https:\/\/quebriac.fr\/webcommune\/index.php?rest_route=\/wp\/v2\/users\/1"}],"replies":[{"embeddable":true,"href":"https:\/\/quebriac.fr\/webcommune\/index.php?rest_route=%2Fwp%2Fv2%2Fcomments&post=13040"}],"version-history":[{"count":2,"href":"https:\/\/quebriac.fr\/webcommune\/index.php?rest_route=\/wp\/v2\/posts\/13040\/revisions"}],"predecessor-version":[{"id":13043,"href":"https:\/\/quebriac.fr\/webcommune\/index.php?rest_route=\/wp\/v2\/posts\/13040\/revisions\/13043"}],"wp:featuredmedia":[{"embeddable":true,"href":"https:\/\/quebriac.fr\/webcommune\/index.php?rest_route=\/wp\/v2\/media\/9795"}],"wp:attachment":[{"href":"https:\/\/quebriac.fr\/webcommune\/index.php?rest_route=%2Fwp%2Fv2%2Fmedia&parent=13040"}],"wp:term":[{"taxonomy":"category","embeddable":true,"href":"https:\/\/quebriac.fr\/webcommune\/index.php?rest_route=%2Fwp%2Fv2%2Fcategories&post=13040"},{"taxonomy":"post_tag","embeddable":true,"href":"https:\/\/quebriac.fr\/webcommune\/index.php?rest_route=%2Fwp%2Fv2%2Ftags&post=13040"}],"curies":[{"name":"wp","href":"https:\/\/api.w.org\/{rel}","templated":true}]}}