{"id":1839,"date":"2017-04-14T12:15:53","date_gmt":"2017-04-14T10:15:53","guid":{"rendered":"https:\/\/quebriac.fr\/webcommune\/?p=1839"},"modified":"2023-04-10T17:49:28","modified_gmt":"2023-04-10T15:49:28","slug":"journee-decouverte-au-village-du-courtil-noe","status":"publish","type":"post","link":"https:\/\/quebriac.fr\/webcommune\/?p=1839","title":{"rendered":"Journ\u00e9e D\u00e9couverte au village du Courtil No\u00eb&#8230;"},"content":{"rendered":"<p style=\"text-align: center;\"><span style=\"color: #008000;\"><strong><em>Samedi 6 Mai Journ\u00e9e D\u00e9couverte au Village du Courtil No\u00eb \u00e0 Qu\u00e9briac<\/em><\/strong><\/span><\/p>\n<p style=\"text-align: center;\">A l\u2019occasion de son deuxi\u00e8me anniversaire, les habitants du village ont d\u00e9cid\u00e9 d\u2019ouvrir leurs portes au public le samedi 6 Mai 2017 de 10 h \u00e0 18 h.<\/p>\n<p style=\"text-align: center;\">Plac\u00e9e sous le signe de la d\u00e9couverte et de la convivialit\u00e9, cette journ\u00e9e va \u00eatre une bonne occasion pour la population, les \u00e9lus et les professionnels de conna\u00eetre le fonctionnement, l\u2019organisation et la vie de l\u2019habitat adapt\u00e9. De l\u2019\u00e9change \u00e0 l\u2019information, des visites des logements aux activit\u00e9s ; tout a \u00e9t\u00e9 pr\u00e9vu pour d\u00e9couvrir, dans la bonne humeur, ce nouveau lieu de vie sociale et locale.<\/p>\n<p style=\"text-align: center;\">Puisque cette journ\u00e9e se veut tr\u00e8s festive et ludique, des activit\u00e9s, des jeux sur dimensionn\u00e9s, un jeu de piste et bien d\u2019autres animations attendent les petits et les grands ainsi que les familles. Vers 16h30, un duo musical animera le village.<\/p>\n<p style=\"text-align: center;\">L\u2019entr\u00e9e est libre et ouverte \u00e0 tous. \u00a0Renseignements\u00a0: 02 99\u00a0 84 78 46\u00a0 &#8211; Mail\u00a0: village.courtilnoe@quebriac.fr<\/p>\n<p>&nbsp;<\/p>\n","protected":false},"excerpt":{"rendered":"<p>Samedi 6 Mai Journ\u00e9e D\u00e9couverte au Village du Courtil No\u00eb \u00e0 Qu\u00e9briac A l\u2019occasion de son deuxi\u00e8me anniversaire, les habitants du village ont d\u00e9cid\u00e9 d\u2019ouvrir leurs portes au public le\u2026<\/p>\n<p class=\"continue-reading-button\"> <a class=\"continue-reading-link\" href=\"https:\/\/quebriac.fr\/webcommune\/?p=1839\">La suite&#8230;<i class=\"crycon-right-dir\"><\/i><\/a><\/p>\n","protected":false},"author":1,"featured_media":1842,"comment_status":"closed","ping_status":"closed","sticky":false,"template":"","format":"standard","meta":{"footnotes":""},"categories":[16],"tags":[],"class_list":["post-1839","post","type-post","status-publish","format-standard","has-post-thumbnail","hentry","category-la-vie-communale"],"_links":{"self":[{"href":"https:\/\/quebriac.fr\/webcommune\/index.php?rest_route=\/wp\/v2\/posts\/1839"}],"collection":[{"href":"https:\/\/quebriac.fr\/webcommune\/index.php?rest_route=\/wp\/v2\/posts"}],"about":[{"href":"https:\/\/quebriac.fr\/webcommune\/index.php?rest_route=\/wp\/v2\/types\/post"}],"author":[{"embeddable":true,"href":"https:\/\/quebriac.fr\/webcommune\/index.php?rest_route=\/wp\/v2\/users\/1"}],"replies":[{"embeddable":true,"href":"https:\/\/quebriac.fr\/webcommune\/index.php?rest_route=%2Fwp%2Fv2%2Fcomments&post=1839"}],"version-history":[{"count":1,"href":"https:\/\/quebriac.fr\/webcommune\/index.php?rest_route=\/wp\/v2\/posts\/1839\/revisions"}],"predecessor-version":[{"id":9306,"href":"https:\/\/quebriac.fr\/webcommune\/index.php?rest_route=\/wp\/v2\/posts\/1839\/revisions\/9306"}],"wp:featuredmedia":[{"embeddable":true,"href":"https:\/\/quebriac.fr\/webcommune\/index.php?rest_route=\/wp\/v2\/media\/1842"}],"wp:attachment":[{"href":"https:\/\/quebriac.fr\/webcommune\/index.php?rest_route=%2Fwp%2Fv2%2Fmedia&parent=1839"}],"wp:term":[{"taxonomy":"category","embeddable":true,"href":"https:\/\/quebriac.fr\/webcommune\/index.php?rest_route=%2Fwp%2Fv2%2Fcategories&post=1839"},{"taxonomy":"post_tag","embeddable":true,"href":"https:\/\/quebriac.fr\/webcommune\/index.php?rest_route=%2Fwp%2Fv2%2Ftags&post=1839"}],"curies":[{"name":"wp","href":"https:\/\/api.w.org\/{rel}","templated":true}]}}