{"id":1963,"date":"2017-08-30T09:25:04","date_gmt":"2017-08-30T07:25:04","guid":{"rendered":"https:\/\/quebriac.fr\/webcommune\/?p=1963"},"modified":"2017-08-30T09:25:04","modified_gmt":"2017-08-30T07:25:04","slug":"classes-7-2","status":"publish","type":"post","link":"https:\/\/quebriac.fr\/webcommune\/?p=1963","title":{"rendered":"Classes 7&#8230;&#8230;&#8230;"},"content":{"rendered":"<p style=\"text-align: center;\">Vous qui \u00eates n\u00e9s(es) une ann\u00e9e 7, pensez \u00e0 retenir cette journ\u00e9e dans votre agenda&#8230;.<\/p>\n<p style=\"text-align: center;\">\n<p style=\"text-align: center;\">Dimanche 1er octobre 2017<\/p>\n<p style=\"text-align: center;\">Tous les dix ans c&rsquo;est l&rsquo;occasion de convivialit\u00e9 et de retrouvailles.<\/p>\n<p style=\"text-align: center;\">Rendez-vous \u00e0 11h15 pour la photo souvenir de groupe devant la mairie.<\/p>\n<p style=\"text-align: center;\">Ensuite nous allons \u00e0 la salle de la Nouasse pour le vin d&rsquo;honneur suivi par le repas.<\/p>\n<p style=\"text-align: center;\">R\u00e9servation obligatoire avant le 10 septembre.<\/p>\n<p style=\"text-align: center;\">Contact : G\u00e9rard Piot : 02 99 68 15 55<\/p>\n<p style=\"text-align: center;\">Georges Chesnot : 02 99 68 16 46<\/p>\n<p style=\"text-align: center;\">Louise Geffroy : 02 99 45 81 83<\/p>\n<p style=\"text-align: center;\">\u00a0Jean Cognard : 02 99 68 08 68<\/p>\n<p>&nbsp;<\/p>\n","protected":false},"excerpt":{"rendered":"<p>Vous qui \u00eates n\u00e9s(es) une ann\u00e9e 7, pensez \u00e0 retenir cette journ\u00e9e dans votre agenda&#8230;. Dimanche 1er octobre 2017 Tous les dix ans c&rsquo;est l&rsquo;occasion de convivialit\u00e9 et de retrouvailles.\u2026<\/p>\n<p class=\"continue-reading-button\"> <a class=\"continue-reading-link\" href=\"https:\/\/quebriac.fr\/webcommune\/?p=1963\">La suite&#8230;<i class=\"crycon-right-dir\"><\/i><\/a><\/p>\n","protected":false},"author":1,"featured_media":0,"comment_status":"closed","ping_status":"closed","sticky":false,"template":"","format":"standard","meta":{"footnotes":""},"categories":[16],"tags":[],"class_list":["post-1963","post","type-post","status-publish","format-standard","hentry","category-la-vie-communale"],"_links":{"self":[{"href":"https:\/\/quebriac.fr\/webcommune\/index.php?rest_route=\/wp\/v2\/posts\/1963"}],"collection":[{"href":"https:\/\/quebriac.fr\/webcommune\/index.php?rest_route=\/wp\/v2\/posts"}],"about":[{"href":"https:\/\/quebriac.fr\/webcommune\/index.php?rest_route=\/wp\/v2\/types\/post"}],"author":[{"embeddable":true,"href":"https:\/\/quebriac.fr\/webcommune\/index.php?rest_route=\/wp\/v2\/users\/1"}],"replies":[{"embeddable":true,"href":"https:\/\/quebriac.fr\/webcommune\/index.php?rest_route=%2Fwp%2Fv2%2Fcomments&post=1963"}],"version-history":[{"count":0,"href":"https:\/\/quebriac.fr\/webcommune\/index.php?rest_route=\/wp\/v2\/posts\/1963\/revisions"}],"wp:attachment":[{"href":"https:\/\/quebriac.fr\/webcommune\/index.php?rest_route=%2Fwp%2Fv2%2Fmedia&parent=1963"}],"wp:term":[{"taxonomy":"category","embeddable":true,"href":"https:\/\/quebriac.fr\/webcommune\/index.php?rest_route=%2Fwp%2Fv2%2Fcategories&post=1963"},{"taxonomy":"post_tag","embeddable":true,"href":"https:\/\/quebriac.fr\/webcommune\/index.php?rest_route=%2Fwp%2Fv2%2Ftags&post=1963"}],"curies":[{"name":"wp","href":"https:\/\/api.w.org\/{rel}","templated":true}]}}