{"id":2535,"date":"2018-01-10T12:51:38","date_gmt":"2018-01-10T10:51:38","guid":{"rendered":"https:\/\/quebriac.fr\/webcommune\/?p=2535"},"modified":"2021-03-09T10:14:18","modified_gmt":"2021-03-09T08:14:18","slug":"operation-groupee-declaircie-de-plantations-feuillues-et-resineuses","status":"publish","type":"post","link":"https:\/\/quebriac.fr\/webcommune\/?p=2535","title":{"rendered":"Op\u00e9ration group\u00e9e d\u2019\u00e9claircie de plantations feuillues et r\u00e9sineuses&#8230;.."},"content":{"rendered":"<p>Le Centre R\u00e9gional de la Propri\u00e9t\u00e9 Foresti\u00e8re Bretagne-Pays de la Loire, \u00c9tablissement Public, en association avec le Syndicat des Forestiers Priv\u00e9s d\u2019 Ille et Vilaine lance une op\u00e9ration group\u00e9e d&rsquo;\u00e9claircie de boisements de r\u00e9sineux ou de plantations de feuillus sur un rayon d&rsquo;action de 20 km autour de Combourg (111 communes sont concern\u00e9es). Cette action est men\u00e9e pour les propri\u00e9taires forestiers de toute surface.<\/p>\n<p><a href=\"https:\/\/quebriac.fr\/webcommune\/wp-content\/uploads\/2021\/03\/Eclaircie-de-plantations-feuillus-et-resineuses.pdf\">+ d&rsquo;infos<\/a><\/p>\n","protected":false},"excerpt":{"rendered":"<p>Le Centre R\u00e9gional de la Propri\u00e9t\u00e9 Foresti\u00e8re Bretagne-Pays de la Loire, \u00c9tablissement Public, en association avec le Syndicat des Forestiers Priv\u00e9s d\u2019 Ille et Vilaine lance une op\u00e9ration group\u00e9e d&rsquo;\u00e9claircie\u2026<\/p>\n<p class=\"continue-reading-button\"> <a class=\"continue-reading-link\" href=\"https:\/\/quebriac.fr\/webcommune\/?p=2535\">La suite&#8230;<i class=\"crycon-right-dir\"><\/i><\/a><\/p>\n","protected":false},"author":1,"featured_media":2539,"comment_status":"closed","ping_status":"closed","sticky":false,"template":"","format":"standard","meta":{"footnotes":""},"categories":[13],"tags":[],"class_list":["post-2535","post","type-post","status-publish","format-standard","has-post-thumbnail","hentry","category-environnement"],"_links":{"self":[{"href":"https:\/\/quebriac.fr\/webcommune\/index.php?rest_route=\/wp\/v2\/posts\/2535"}],"collection":[{"href":"https:\/\/quebriac.fr\/webcommune\/index.php?rest_route=\/wp\/v2\/posts"}],"about":[{"href":"https:\/\/quebriac.fr\/webcommune\/index.php?rest_route=\/wp\/v2\/types\/post"}],"author":[{"embeddable":true,"href":"https:\/\/quebriac.fr\/webcommune\/index.php?rest_route=\/wp\/v2\/users\/1"}],"replies":[{"embeddable":true,"href":"https:\/\/quebriac.fr\/webcommune\/index.php?rest_route=%2Fwp%2Fv2%2Fcomments&post=2535"}],"version-history":[{"count":2,"href":"https:\/\/quebriac.fr\/webcommune\/index.php?rest_route=\/wp\/v2\/posts\/2535\/revisions"}],"predecessor-version":[{"id":6192,"href":"https:\/\/quebriac.fr\/webcommune\/index.php?rest_route=\/wp\/v2\/posts\/2535\/revisions\/6192"}],"wp:featuredmedia":[{"embeddable":true,"href":"https:\/\/quebriac.fr\/webcommune\/index.php?rest_route=\/wp\/v2\/media\/2539"}],"wp:attachment":[{"href":"https:\/\/quebriac.fr\/webcommune\/index.php?rest_route=%2Fwp%2Fv2%2Fmedia&parent=2535"}],"wp:term":[{"taxonomy":"category","embeddable":true,"href":"https:\/\/quebriac.fr\/webcommune\/index.php?rest_route=%2Fwp%2Fv2%2Fcategories&post=2535"},{"taxonomy":"post_tag","embeddable":true,"href":"https:\/\/quebriac.fr\/webcommune\/index.php?rest_route=%2Fwp%2Fv2%2Ftags&post=2535"}],"curies":[{"name":"wp","href":"https:\/\/api.w.org\/{rel}","templated":true}]}}