{"id":2604,"date":"2018-02-13T13:19:43","date_gmt":"2018-02-13T11:19:43","guid":{"rendered":"https:\/\/quebriac.fr\/webcommune\/?p=2604"},"modified":"2023-04-10T17:47:59","modified_gmt":"2023-04-10T15:47:59","slug":"atelier-zanbac","status":"publish","type":"post","link":"https:\/\/quebriac.fr\/webcommune\/?p=2604","title":{"rendered":"Atelier Zanbac&#8230;."},"content":{"rendered":"<p><img loading=\"lazy\" decoding=\"async\" class=\"\" src=\"https:\/\/www.ouest-france.fr\/sites\/default\/files\/styles\/image-640x360\/public\/2018\/02\/11\/de-l-ebenisterie-et-de-la-ferronnerie-d-art-l-atelier-de-zanbac.jpg?itok=X7ZHBy9E\" alt=\"Zanbac aupr\u00e8s d'une oeuvre de grande dimension, le Guyapi, l'homme franc en am\u00e9rindien.\" width=\"347\" height=\"195\" \/><\/p>\n<p>Dans la zone de Rolin, on trouve un retrait\u00e9 tr\u00e8s actif. Il s&rsquo;agit de Zanbac cet ancien \u00e9b\u00e9niste, qui est aussi pass\u00e9 par l&rsquo;\u00e9cole Boule.<\/p>\n<p>Il travaille le bois et le fer. Beaucoup \u00e0 partir d&rsquo;objets de r\u00e9cup\u00e9ration.\u00a0 Les vieux outils agricoles sont tr\u00e8s utilis\u00e9s. Il travaille aussi sur de grandes pi\u00e8ces, de la t\u00f4le pli\u00e9e et \u00e0 la fa\u00e7on d&rsquo;un origami, il en fait un chien. On peut voir actuellement en pr\u00e9paration, un grand et beau flamant rose.<\/p>\n<p>Le flamant, sera une des pi\u00e8ces qui va \u00eatre expos\u00e9e aux Thermes Marins de Saint-Malo,<\/p>\n<p><span style=\"color: #800080;\">lundi 19 f\u00e9vrier, de 10 h \u00e0 20 h.<\/span><\/p>\n<p><img loading=\"lazy\" decoding=\"async\" class=\"aligncenter size-full wp-image-2608\" src=\"https:\/\/quebriac.fr\/webcommune\/wp-content\/uploads\/2018\/02\/zanbac.jpg\" alt=\"\" width=\"1826\" height=\"682\" \/><\/p>\n<p>Il expose \u00e9galement quelques petites pi\u00e8ces dans la vitrine de la couturi\u00e8re de Tint\u00e9niac, pr\u00e8s de la mairie.<\/p>\n<p style=\"text-align: center;\"><a href=\"https:\/\/fr-fr.facebook.com\/atelierzanbac\/\">Atelier Zanbac<\/a><\/p>\n","protected":false},"excerpt":{"rendered":"<p>Dans la zone de Rolin, on trouve un retrait\u00e9 tr\u00e8s actif. Il s&rsquo;agit de Zanbac cet ancien \u00e9b\u00e9niste, qui est aussi pass\u00e9 par l&rsquo;\u00e9cole Boule. Il travaille le bois et\u2026<\/p>\n<p class=\"continue-reading-button\"> <a class=\"continue-reading-link\" href=\"https:\/\/quebriac.fr\/webcommune\/?p=2604\">La suite&#8230;<i class=\"crycon-right-dir\"><\/i><\/a><\/p>\n","protected":false},"author":1,"featured_media":2611,"comment_status":"closed","ping_status":"closed","sticky":false,"template":"","format":"standard","meta":{"footnotes":""},"categories":[14,16],"tags":[],"class_list":["post-2604","post","type-post","status-publish","format-standard","has-post-thumbnail","hentry","category-evenements-exterieurs","category-la-vie-communale"],"_links":{"self":[{"href":"https:\/\/quebriac.fr\/webcommune\/index.php?rest_route=\/wp\/v2\/posts\/2604"}],"collection":[{"href":"https:\/\/quebriac.fr\/webcommune\/index.php?rest_route=\/wp\/v2\/posts"}],"about":[{"href":"https:\/\/quebriac.fr\/webcommune\/index.php?rest_route=\/wp\/v2\/types\/post"}],"author":[{"embeddable":true,"href":"https:\/\/quebriac.fr\/webcommune\/index.php?rest_route=\/wp\/v2\/users\/1"}],"replies":[{"embeddable":true,"href":"https:\/\/quebriac.fr\/webcommune\/index.php?rest_route=%2Fwp%2Fv2%2Fcomments&post=2604"}],"version-history":[{"count":1,"href":"https:\/\/quebriac.fr\/webcommune\/index.php?rest_route=\/wp\/v2\/posts\/2604\/revisions"}],"predecessor-version":[{"id":6189,"href":"https:\/\/quebriac.fr\/webcommune\/index.php?rest_route=\/wp\/v2\/posts\/2604\/revisions\/6189"}],"wp:featuredmedia":[{"embeddable":true,"href":"https:\/\/quebriac.fr\/webcommune\/index.php?rest_route=\/wp\/v2\/media\/2611"}],"wp:attachment":[{"href":"https:\/\/quebriac.fr\/webcommune\/index.php?rest_route=%2Fwp%2Fv2%2Fmedia&parent=2604"}],"wp:term":[{"taxonomy":"category","embeddable":true,"href":"https:\/\/quebriac.fr\/webcommune\/index.php?rest_route=%2Fwp%2Fv2%2Fcategories&post=2604"},{"taxonomy":"post_tag","embeddable":true,"href":"https:\/\/quebriac.fr\/webcommune\/index.php?rest_route=%2Fwp%2Fv2%2Ftags&post=2604"}],"curies":[{"name":"wp","href":"https:\/\/api.w.org\/{rel}","templated":true}]}}