{"id":2843,"date":"2018-04-24T12:16:16","date_gmt":"2018-04-24T10:16:16","guid":{"rendered":"https:\/\/quebriac.fr\/webcommune\/?p=2843"},"modified":"2023-04-10T17:46:24","modified_gmt":"2023-04-10T15:46:24","slug":"un-message-pour-la-journee-nationale-du-souvenir-des-victimes-et-heros-de-la-deportation-dimanche-29-avril-2018","status":"publish","type":"post","link":"https:\/\/quebriac.fr\/webcommune\/?p=2843","title":{"rendered":"Un message pour la Journ\u00e9e nationale du souvenir des victimes et h\u00e9ros de la D\u00e9portation &#8211; dimanche 29 avril 2018"},"content":{"rendered":"<p>La F\u00e9d\u00e9ration nationale des D\u00e9port\u00e9s et Intern\u00e9s, R\u00e9sistants et Patriotes (FNDIRP), la Fondation pour la m\u00e9moire de la D\u00e9portation ( FMD), l\u2019Union national des associations de D\u00e9port\u00e9s, Intern\u00e9s et Familles de disparus-F\u00e9d\u00e9ration nationale des D\u00e9port\u00e9s et Intern\u00e9s de la R\u00e9sistance (UNADIF-FNDIR), avec le concours des Associations de m\u00e9moire des camps et de la d\u00e9portation d\u00e9livre ce message pour la Journ\u00e9e nationale du souvenir des victimes et h\u00e9ros de la d\u00e9portation du dimanche 29 avril 2018.<\/p>\n<p>\u00ab\u00a0La journ\u00e9e nationale du souvenir des victimes et des h\u00e9ros de la d\u00e9portation permet chaque ann\u00e9e de remettre en m\u00e9moire ce que fut la d\u00e9portation avec son cort\u00e8ge infernal de trains partis de France entre 1940 et 1944. Ces trains ont conduit vers les camps de concentration ou d\u2019extermination de l\u2019Allemagne nazie des populations de tous \u00e2ges et de toutes conditions, victimes de la r\u00e9pression et des pers\u00e9cutions pratiqu\u00e9es par l\u2019occupant nazi avec le concours du r\u00e9gime de collaboration en France.<\/p>\n<p>La journ\u00e9e nationale a aussi pour but de rendre hommage aux victimes et de rappeler l\u2019engagement de celles et ceux qui ont choisi de poursuivre dans la r\u00e9sistance la lutte contre l\u2019ennemi et son id\u00e9ologie. Nous pensons avec beaucoup d\u2019\u00e9motion \u00e0 ces disparus, femmes et hommes qui ne sont pas revenus de la trag\u00e9die qui a frapp\u00e9 tant de combattants et auxquels nous devons une part de notre libert\u00e9.<\/p>\n<p>Leur combat pour le respect de la dignit\u00e9 humaine est particuli\u00e8rement charg\u00e9 de sens en cette ann\u00e9e du 70e anniversaire de l\u2019adoption de la D\u00e9claration universelle des Droits de l\u2019homme. Le travail de m\u00e9moire n\u2019est jamais achev\u00e9. L\u2019acharnement des d\u00e9port\u00e9s \u00e0 transmettre a valeur d\u2019exemple et s\u2019explique par la force d\u2019un engagement qui ne tol\u00e8re ni l\u2019\u00e9rosion de l\u2019\u00e2ge, ni les difficult\u00e9s de la vie.<\/p>\n<p>Ce sacrifice, ils veulent le donner en partage aux g\u00e9n\u00e9rations suivantes afin de les inciter \u00e0 rejeter toute manifestation de haine, inspir\u00e9e de consid\u00e9rations ethniques, religieuses, culturelles ou nationalistes.<\/p>\n<p>Le message d\u2019aujourd\u2019hui se veut un appel \u00e0 \u0153uvrer pour un monde de paix dont l\u2019Europe doit demeurer le symbole\u00a0\u00bb.<\/p>\n","protected":false},"excerpt":{"rendered":"<p>La F\u00e9d\u00e9ration nationale des D\u00e9port\u00e9s et Intern\u00e9s, R\u00e9sistants et Patriotes (FNDIRP), la Fondation pour la m\u00e9moire de la D\u00e9portation ( FMD), l\u2019Union national des associations de D\u00e9port\u00e9s, Intern\u00e9s et Familles\u2026<\/p>\n<p class=\"continue-reading-button\"> <a class=\"continue-reading-link\" href=\"https:\/\/quebriac.fr\/webcommune\/?p=2843\">La suite&#8230;<i class=\"crycon-right-dir\"><\/i><\/a><\/p>\n","protected":false},"author":1,"featured_media":2870,"comment_status":"closed","ping_status":"closed","sticky":false,"template":"","format":"standard","meta":{"footnotes":""},"categories":[31,15],"tags":[],"class_list":["post-2843","post","type-post","status-publish","format-standard","has-post-thumbnail","hentry","category-commemorations","category-histoire"],"_links":{"self":[{"href":"https:\/\/quebriac.fr\/webcommune\/index.php?rest_route=\/wp\/v2\/posts\/2843"}],"collection":[{"href":"https:\/\/quebriac.fr\/webcommune\/index.php?rest_route=\/wp\/v2\/posts"}],"about":[{"href":"https:\/\/quebriac.fr\/webcommune\/index.php?rest_route=\/wp\/v2\/types\/post"}],"author":[{"embeddable":true,"href":"https:\/\/quebriac.fr\/webcommune\/index.php?rest_route=\/wp\/v2\/users\/1"}],"replies":[{"embeddable":true,"href":"https:\/\/quebriac.fr\/webcommune\/index.php?rest_route=%2Fwp%2Fv2%2Fcomments&post=2843"}],"version-history":[{"count":1,"href":"https:\/\/quebriac.fr\/webcommune\/index.php?rest_route=\/wp\/v2\/posts\/2843\/revisions"}],"predecessor-version":[{"id":9304,"href":"https:\/\/quebriac.fr\/webcommune\/index.php?rest_route=\/wp\/v2\/posts\/2843\/revisions\/9304"}],"wp:featuredmedia":[{"embeddable":true,"href":"https:\/\/quebriac.fr\/webcommune\/index.php?rest_route=\/wp\/v2\/media\/2870"}],"wp:attachment":[{"href":"https:\/\/quebriac.fr\/webcommune\/index.php?rest_route=%2Fwp%2Fv2%2Fmedia&parent=2843"}],"wp:term":[{"taxonomy":"category","embeddable":true,"href":"https:\/\/quebriac.fr\/webcommune\/index.php?rest_route=%2Fwp%2Fv2%2Fcategories&post=2843"},{"taxonomy":"post_tag","embeddable":true,"href":"https:\/\/quebriac.fr\/webcommune\/index.php?rest_route=%2Fwp%2Fv2%2Ftags&post=2843"}],"curies":[{"name":"wp","href":"https:\/\/api.w.org\/{rel}","templated":true}]}}