{"id":2986,"date":"2018-06-21T18:03:20","date_gmt":"2018-06-21T16:03:20","guid":{"rendered":"https:\/\/quebriac.fr\/webcommune\/?p=2986"},"modified":"2021-03-08T19:33:27","modified_gmt":"2021-03-08T17:33:27","slug":"sculptures-de-guyapi-atelier-zanbac","status":"publish","type":"post","link":"https:\/\/quebriac.fr\/webcommune\/?p=2986","title":{"rendered":"Sculptures de Guyapi, atelier Zanbac"},"content":{"rendered":"<p><img loading=\"lazy\" decoding=\"async\" class=\"irc_mi\" src=\"http:\/\/quebriac.fr\/webcommune\/wp-content\/uploads\/2018\/02\/27545385_2107739819447040_5501685662586758045_n-150x100.jpg\" alt=\"R\u00e9sultat de recherche d'images pour &quot;Atelier zanbac&quot;\" width=\"197\" height=\"131\" \/><\/p>\n<div class=\"titres\">EXPOSITION 100 % RECYCLEE<\/div>\n<div class=\"titreart\">Sculptures de Guyapi, atelier Zanbac<\/div>\n<p><!--more--><\/p>\n<p><strong>Jusqu&rsquo;au samedi 11ao\u00fbt 2018 <\/strong><br \/>\nN\u00e9 \u00e0 Rennes au d\u00e9but des ann\u00e9es 50, le chef de l&rsquo;atelier Zanbac a pass\u00e9 les 10 premi\u00e8res ann\u00e9es de sa vie en Afique (Madagascar, Iles Comores).<br \/>\nA son retour en m\u00e9tropole dans les ann\u00e9es 60, il d\u00e9bute une formation d&rsquo;\u00e9b\u00e9niste avant d&rsquo;int\u00e9grer la c\u00e9l\u00e8bre \u00e9cole Boulle, en architecture d&rsquo;int\u00e9rieur.<br \/>\nSensible \u00e0 la cause des peuples opprim\u00e9s, celui qui se fait appeler Guyapi, l&rsquo;homme \u00ab\u00a0franc\u00a0\u00bb (\u00ab\u00a0parce que j&rsquo;ai tendance \u00e0 dire ce que je pense\u00a0\u00bb nous confie-t-il) nourrit son imagination des cultures am\u00e9rindiennes dont il a tir\u00e9 justement ce surnom, mais aussi des peuples aborig\u00e8nes, Ha\u00efdas, de leurs sagesses et croyances, leurs totems, leurs musiques, leurs danses et costumes&#8230;<br \/>\nGuyapi travaille ainsi bois et m\u00e9tal. Dans son hangar, il redonne vie \u00e0 de vieux outils et m\u00e9tamorphose sous nos yeux des chaines industrielles en hypocampes ou des outils de bucherons en flamands roses.<br \/>\nLors de cette exposition, Guyapi invite Benjamin de Metal Obscur qui expose son dragon.<br \/>\nRetrouvez ses travaux sur Facebook et Instagram @atelierzanbac<\/p>\n<p>&nbsp;<\/p>\n","protected":false},"excerpt":{"rendered":"<p>EXPOSITION 100 % RECYCLEE Sculptures de Guyapi, atelier Zanbac<\/p>\n<p class=\"continue-reading-button\"> <a class=\"continue-reading-link\" href=\"https:\/\/quebriac.fr\/webcommune\/?p=2986\">La suite&#8230;<i class=\"crycon-right-dir\"><\/i><\/a><\/p>\n","protected":false},"author":1,"featured_media":2611,"comment_status":"closed","ping_status":"closed","sticky":false,"template":"","format":"standard","meta":{"footnotes":""},"categories":[16],"tags":[],"class_list":["post-2986","post","type-post","status-publish","format-standard","has-post-thumbnail","hentry","category-la-vie-communale"],"_links":{"self":[{"href":"https:\/\/quebriac.fr\/webcommune\/index.php?rest_route=\/wp\/v2\/posts\/2986"}],"collection":[{"href":"https:\/\/quebriac.fr\/webcommune\/index.php?rest_route=\/wp\/v2\/posts"}],"about":[{"href":"https:\/\/quebriac.fr\/webcommune\/index.php?rest_route=\/wp\/v2\/types\/post"}],"author":[{"embeddable":true,"href":"https:\/\/quebriac.fr\/webcommune\/index.php?rest_route=\/wp\/v2\/users\/1"}],"replies":[{"embeddable":true,"href":"https:\/\/quebriac.fr\/webcommune\/index.php?rest_route=%2Fwp%2Fv2%2Fcomments&post=2986"}],"version-history":[{"count":1,"href":"https:\/\/quebriac.fr\/webcommune\/index.php?rest_route=\/wp\/v2\/posts\/2986\/revisions"}],"predecessor-version":[{"id":6182,"href":"https:\/\/quebriac.fr\/webcommune\/index.php?rest_route=\/wp\/v2\/posts\/2986\/revisions\/6182"}],"wp:featuredmedia":[{"embeddable":true,"href":"https:\/\/quebriac.fr\/webcommune\/index.php?rest_route=\/wp\/v2\/media\/2611"}],"wp:attachment":[{"href":"https:\/\/quebriac.fr\/webcommune\/index.php?rest_route=%2Fwp%2Fv2%2Fmedia&parent=2986"}],"wp:term":[{"taxonomy":"category","embeddable":true,"href":"https:\/\/quebriac.fr\/webcommune\/index.php?rest_route=%2Fwp%2Fv2%2Fcategories&post=2986"},{"taxonomy":"post_tag","embeddable":true,"href":"https:\/\/quebriac.fr\/webcommune\/index.php?rest_route=%2Fwp%2Fv2%2Ftags&post=2986"}],"curies":[{"name":"wp","href":"https:\/\/api.w.org\/{rel}","templated":true}]}}