{"id":3024,"date":"2018-07-17T12:40:38","date_gmt":"2018-07-17T10:40:38","guid":{"rendered":"https:\/\/quebriac.fr\/webcommune\/?p=3024"},"modified":"2023-04-10T17:45:42","modified_gmt":"2023-04-10T15:45:42","slug":"communique-de-presse-de-lars-urgences-estivales","status":"publish","type":"post","link":"https:\/\/quebriac.fr\/webcommune\/?p=3024","title":{"rendered":"Communiqu\u00e9 de presse de l&rsquo;ARS&#8230;&#8230; Urgences Estivales"},"content":{"rendered":"<p>Les \u00e9tablissements hospitaliers, les m\u00e9decins lib\u00e9raux et l\u2019ARS sont mobilis\u00e9s pour d\u00e9finir l\u2019organisation estivale des urgences<!--more--><\/p>\n<p>+ d&rsquo;infos :\u00a0 <a href=\"http:\/\/quebriac.fr\/webcommune\/wp-content\/uploads\/2018\/07\/urgencesestivales_12072018.pdf\">Urgences Estivales<\/a><\/p>\n<p>&nbsp;<\/p>\n<p>&nbsp;<\/p>\n","protected":false},"excerpt":{"rendered":"<p>Les \u00e9tablissements hospitaliers, les m\u00e9decins lib\u00e9raux et l\u2019ARS sont mobilis\u00e9s pour d\u00e9finir l\u2019organisation estivale des urgences<\/p>\n<p class=\"continue-reading-button\"> <a class=\"continue-reading-link\" href=\"https:\/\/quebriac.fr\/webcommune\/?p=3024\">La suite&#8230;<i class=\"crycon-right-dir\"><\/i><\/a><\/p>\n","protected":false},"author":1,"featured_media":987,"comment_status":"closed","ping_status":"closed","sticky":false,"template":"","format":"standard","meta":{"footnotes":""},"categories":[29,27],"tags":[],"class_list":["post-3024","post","type-post","status-publish","format-standard","has-post-thumbnail","hentry","category-pouvoirs-publics","category-sante"],"_links":{"self":[{"href":"https:\/\/quebriac.fr\/webcommune\/index.php?rest_route=\/wp\/v2\/posts\/3024"}],"collection":[{"href":"https:\/\/quebriac.fr\/webcommune\/index.php?rest_route=\/wp\/v2\/posts"}],"about":[{"href":"https:\/\/quebriac.fr\/webcommune\/index.php?rest_route=\/wp\/v2\/types\/post"}],"author":[{"embeddable":true,"href":"https:\/\/quebriac.fr\/webcommune\/index.php?rest_route=\/wp\/v2\/users\/1"}],"replies":[{"embeddable":true,"href":"https:\/\/quebriac.fr\/webcommune\/index.php?rest_route=%2Fwp%2Fv2%2Fcomments&post=3024"}],"version-history":[{"count":1,"href":"https:\/\/quebriac.fr\/webcommune\/index.php?rest_route=\/wp\/v2\/posts\/3024\/revisions"}],"predecessor-version":[{"id":9303,"href":"https:\/\/quebriac.fr\/webcommune\/index.php?rest_route=\/wp\/v2\/posts\/3024\/revisions\/9303"}],"wp:featuredmedia":[{"embeddable":true,"href":"https:\/\/quebriac.fr\/webcommune\/index.php?rest_route=\/wp\/v2\/media\/987"}],"wp:attachment":[{"href":"https:\/\/quebriac.fr\/webcommune\/index.php?rest_route=%2Fwp%2Fv2%2Fmedia&parent=3024"}],"wp:term":[{"taxonomy":"category","embeddable":true,"href":"https:\/\/quebriac.fr\/webcommune\/index.php?rest_route=%2Fwp%2Fv2%2Fcategories&post=3024"},{"taxonomy":"post_tag","embeddable":true,"href":"https:\/\/quebriac.fr\/webcommune\/index.php?rest_route=%2Fwp%2Fv2%2Ftags&post=3024"}],"curies":[{"name":"wp","href":"https:\/\/api.w.org\/{rel}","templated":true}]}}