{"id":3083,"date":"2018-09-11T10:00:24","date_gmt":"2018-09-11T08:00:24","guid":{"rendered":"https:\/\/quebriac.fr\/webcommune\/?p=3083"},"modified":"2018-09-11T10:00:24","modified_gmt":"2018-09-11T08:00:24","slug":"revision-du-p-l-u-reunion-publique","status":"publish","type":"post","link":"https:\/\/quebriac.fr\/webcommune\/?p=3083","title":{"rendered":"R\u00e9vision du P.L.U. \/ R\u00e9union Publique&#8230;."},"content":{"rendered":"<p>Mardi 18 septembre \u00e0 19h<!--more--><\/p>\n<p>La r\u00e9union publique de pr\u00e9sentation du PADD (Pan d&rsquo;Am\u00e9nagement et de D\u00e9veloppement Durables) \u00e0 la population aura lieu \u00e0 la salle polyvalente.<\/p>\n","protected":false},"excerpt":{"rendered":"<p>Mardi 18 septembre \u00e0 19h<\/p>\n<p class=\"continue-reading-button\"> <a class=\"continue-reading-link\" href=\"https:\/\/quebriac.fr\/webcommune\/?p=3083\">La suite&#8230;<i class=\"crycon-right-dir\"><\/i><\/a><\/p>\n","protected":false},"author":1,"featured_media":0,"comment_status":"closed","ping_status":"closed","sticky":false,"template":"","format":"standard","meta":{"footnotes":""},"categories":[16],"tags":[],"class_list":["post-3083","post","type-post","status-publish","format-standard","hentry","category-la-vie-communale"],"_links":{"self":[{"href":"https:\/\/quebriac.fr\/webcommune\/index.php?rest_route=\/wp\/v2\/posts\/3083"}],"collection":[{"href":"https:\/\/quebriac.fr\/webcommune\/index.php?rest_route=\/wp\/v2\/posts"}],"about":[{"href":"https:\/\/quebriac.fr\/webcommune\/index.php?rest_route=\/wp\/v2\/types\/post"}],"author":[{"embeddable":true,"href":"https:\/\/quebriac.fr\/webcommune\/index.php?rest_route=\/wp\/v2\/users\/1"}],"replies":[{"embeddable":true,"href":"https:\/\/quebriac.fr\/webcommune\/index.php?rest_route=%2Fwp%2Fv2%2Fcomments&post=3083"}],"version-history":[{"count":0,"href":"https:\/\/quebriac.fr\/webcommune\/index.php?rest_route=\/wp\/v2\/posts\/3083\/revisions"}],"wp:attachment":[{"href":"https:\/\/quebriac.fr\/webcommune\/index.php?rest_route=%2Fwp%2Fv2%2Fmedia&parent=3083"}],"wp:term":[{"taxonomy":"category","embeddable":true,"href":"https:\/\/quebriac.fr\/webcommune\/index.php?rest_route=%2Fwp%2Fv2%2Fcategories&post=3083"},{"taxonomy":"post_tag","embeddable":true,"href":"https:\/\/quebriac.fr\/webcommune\/index.php?rest_route=%2Fwp%2Fv2%2Ftags&post=3083"}],"curies":[{"name":"wp","href":"https:\/\/api.w.org\/{rel}","templated":true}]}}