{"id":3305,"date":"2018-11-29T10:03:51","date_gmt":"2018-11-29T08:03:51","guid":{"rendered":"https:\/\/quebriac.fr\/webcommune\/?p=3305"},"modified":"2023-04-10T17:43:36","modified_gmt":"2023-04-10T15:43:36","slug":"informations-collectes-des-fetes-de-fin-dannee-horaires-des-decheteries-a-partir-du-1er-janvier-2019","status":"publish","type":"post","link":"https:\/\/quebriac.fr\/webcommune\/?p=3305","title":{"rendered":"Informations collectes des f\u00eates de fin d&rsquo;ann\u00e9e + horaires des d\u00e9ch\u00e8teries \u00e0 partir du 1er janvier 2019"},"content":{"rendered":"<p>Vous trouverez en fichiers joints plusieurs informations :<!--more--><\/p>\n<p><a href=\"http:\/\/quebriac.fr\/webcommune\/wp-content\/uploads\/2018\/11\/CP-COLLECTE-DES-DECHETS-FETE-FIN-ANNEE-ILLE-ET-RANCE.pdf\">\u21d2COLLECTE DES D\u00c9CHETS F\u00caTE FIN ANN\u00c9E<\/a><\/p>\n<p><img loading=\"lazy\" decoding=\"async\" class=\"aligncenter size-full wp-image-3307\" src=\"http:\/\/quebriac.fr\/webcommune\/wp-content\/uploads\/2018\/11\/HORAIRES-DECHETERIES-IR.jpg\" alt=\"\" width=\"2481\" height=\"1772\" \/><\/p>\n<p>&nbsp;<\/p>\n","protected":false},"excerpt":{"rendered":"<p>Vous trouverez en fichiers joints plusieurs informations :<\/p>\n<p class=\"continue-reading-button\"> <a class=\"continue-reading-link\" href=\"https:\/\/quebriac.fr\/webcommune\/?p=3305\">La suite&#8230;<i class=\"crycon-right-dir\"><\/i><\/a><\/p>\n","protected":false},"author":1,"featured_media":650,"comment_status":"closed","ping_status":"closed","sticky":false,"template":"","format":"standard","meta":{"footnotes":""},"categories":[13],"tags":[],"class_list":["post-3305","post","type-post","status-publish","format-standard","has-post-thumbnail","hentry","category-environnement"],"_links":{"self":[{"href":"https:\/\/quebriac.fr\/webcommune\/index.php?rest_route=\/wp\/v2\/posts\/3305"}],"collection":[{"href":"https:\/\/quebriac.fr\/webcommune\/index.php?rest_route=\/wp\/v2\/posts"}],"about":[{"href":"https:\/\/quebriac.fr\/webcommune\/index.php?rest_route=\/wp\/v2\/types\/post"}],"author":[{"embeddable":true,"href":"https:\/\/quebriac.fr\/webcommune\/index.php?rest_route=\/wp\/v2\/users\/1"}],"replies":[{"embeddable":true,"href":"https:\/\/quebriac.fr\/webcommune\/index.php?rest_route=%2Fwp%2Fv2%2Fcomments&post=3305"}],"version-history":[{"count":1,"href":"https:\/\/quebriac.fr\/webcommune\/index.php?rest_route=\/wp\/v2\/posts\/3305\/revisions"}],"predecessor-version":[{"id":9300,"href":"https:\/\/quebriac.fr\/webcommune\/index.php?rest_route=\/wp\/v2\/posts\/3305\/revisions\/9300"}],"wp:featuredmedia":[{"embeddable":true,"href":"https:\/\/quebriac.fr\/webcommune\/index.php?rest_route=\/wp\/v2\/media\/650"}],"wp:attachment":[{"href":"https:\/\/quebriac.fr\/webcommune\/index.php?rest_route=%2Fwp%2Fv2%2Fmedia&parent=3305"}],"wp:term":[{"taxonomy":"category","embeddable":true,"href":"https:\/\/quebriac.fr\/webcommune\/index.php?rest_route=%2Fwp%2Fv2%2Fcategories&post=3305"},{"taxonomy":"post_tag","embeddable":true,"href":"https:\/\/quebriac.fr\/webcommune\/index.php?rest_route=%2Fwp%2Fv2%2Ftags&post=3305"}],"curies":[{"name":"wp","href":"https:\/\/api.w.org\/{rel}","templated":true}]}}