{"id":3423,"date":"2019-01-29T10:25:53","date_gmt":"2019-01-29T08:25:53","guid":{"rendered":"https:\/\/quebriac.fr\/webcommune\/?p=3423"},"modified":"2021-03-08T19:03:11","modified_gmt":"2021-03-08T17:03:11","slug":"des-ateliers-pour-la-transition-ecologique","status":"publish","type":"post","link":"https:\/\/quebriac.fr\/webcommune\/?p=3423","title":{"rendered":"Des Ateliers pour la Transition Ecologique&#8230;&#8230;"},"content":{"rendered":"<p>Vous trouverez ci-joint : affiche et programme des rencontres concernant la consultation men\u00e9e \u00e0 l&rsquo;\u00e9chelle de la Bretagne romantique pour la mise en place du Plan Climat Air Energie.<\/p>\n<p>Plus d&rsquo;infos : <a href=\"http:\/\/quebriac.fr\/webcommune\/wp-content\/uploads\/2021\/03\/Depliant-consultation-PCAET-Bretagne-romantique.pdf\" target=\"_blank\" rel=\"noopener noreferrer\">Programme des rencontres<\/a><\/p>\n<p><a href=\"https:\/\/www.facebook.com\/CCBretagneRomantique\/\" target=\"_blank\" rel=\"noopener noreferrer\">facebook Bretagne Romantique<\/a><\/p>\n<p>&nbsp;<\/p>\n","protected":false},"excerpt":{"rendered":"<p>Vous trouverez ci-joint : affiche et programme des rencontres concernant la consultation men\u00e9e \u00e0 l&rsquo;\u00e9chelle de la Bretagne romantique pour la mise en place du Plan Climat Air Energie. Plus\u2026<\/p>\n<p class=\"continue-reading-button\"> <a class=\"continue-reading-link\" href=\"https:\/\/quebriac.fr\/webcommune\/?p=3423\">La suite&#8230;<i class=\"crycon-right-dir\"><\/i><\/a><\/p>\n","protected":false},"author":1,"featured_media":1762,"comment_status":"closed","ping_status":"closed","sticky":false,"template":"","format":"standard","meta":{"footnotes":""},"categories":[8,13],"tags":[],"class_list":["post-3423","post","type-post","status-publish","format-standard","has-post-thumbnail","hentry","category-bretagne-romantique","category-environnement"],"_links":{"self":[{"href":"https:\/\/quebriac.fr\/webcommune\/index.php?rest_route=\/wp\/v2\/posts\/3423"}],"collection":[{"href":"https:\/\/quebriac.fr\/webcommune\/index.php?rest_route=\/wp\/v2\/posts"}],"about":[{"href":"https:\/\/quebriac.fr\/webcommune\/index.php?rest_route=\/wp\/v2\/types\/post"}],"author":[{"embeddable":true,"href":"https:\/\/quebriac.fr\/webcommune\/index.php?rest_route=\/wp\/v2\/users\/1"}],"replies":[{"embeddable":true,"href":"https:\/\/quebriac.fr\/webcommune\/index.php?rest_route=%2Fwp%2Fv2%2Fcomments&post=3423"}],"version-history":[{"count":3,"href":"https:\/\/quebriac.fr\/webcommune\/index.php?rest_route=\/wp\/v2\/posts\/3423\/revisions"}],"predecessor-version":[{"id":6162,"href":"https:\/\/quebriac.fr\/webcommune\/index.php?rest_route=\/wp\/v2\/posts\/3423\/revisions\/6162"}],"wp:featuredmedia":[{"embeddable":true,"href":"https:\/\/quebriac.fr\/webcommune\/index.php?rest_route=\/wp\/v2\/media\/1762"}],"wp:attachment":[{"href":"https:\/\/quebriac.fr\/webcommune\/index.php?rest_route=%2Fwp%2Fv2%2Fmedia&parent=3423"}],"wp:term":[{"taxonomy":"category","embeddable":true,"href":"https:\/\/quebriac.fr\/webcommune\/index.php?rest_route=%2Fwp%2Fv2%2Fcategories&post=3423"},{"taxonomy":"post_tag","embeddable":true,"href":"https:\/\/quebriac.fr\/webcommune\/index.php?rest_route=%2Fwp%2Fv2%2Ftags&post=3423"}],"curies":[{"name":"wp","href":"https:\/\/api.w.org\/{rel}","templated":true}]}}