{"id":3851,"date":"2019-05-11T12:25:41","date_gmt":"2019-05-11T10:25:41","guid":{"rendered":"https:\/\/quebriac.fr\/webcommune\/?p=3851"},"modified":"2019-05-11T12:25:41","modified_gmt":"2019-05-11T10:25:41","slug":"8-mai-2019-message-de-genevieve-darrieussecq-pour-la-commemoration-de-la-victoire-du-8-mai-1945","status":"publish","type":"post","link":"https:\/\/quebriac.fr\/webcommune\/?p=3851","title":{"rendered":"8 mai 2019 : Message de Genevi\u00e8ve Darrieussecq pour la comm\u00e9moration de la Victoire du 8 mai 1945"},"content":{"rendered":"<p>Voici le message de Genevi\u00e8ve Darrieussecq, secr\u00e9taire d\u2019Etat aupr\u00e8s de la ministre des Arm\u00e9es <!--more-->qui sera lu par les pr\u00e9fets, sous-pr\u00e9fets et personnalit\u00e9s d\u00e9sign\u00e9es lors des c\u00e9r\u00e9monie du 74e anniversaire de la fin de la Deuxi\u00e8me Guerre mondiale en Europe, une journ\u00e9e de Victoire pour les Alli\u00e9s.<\/p>\n<p>\u00bb La guerre est gagn\u00e9e. Voici la victoire. C\u2019est la victoire des nations unies et c\u2019est la victoire de la France. \u00a0\u00bb La voix solennelle qui porte ce message dans l\u2019apr\u00e8s-midi du 8 mai 1945 est celle qui, depuis le 18 juin 1940, incarne la France dans la guerre. Les paroles du g\u00e9n\u00e9ral DE GAULLE se m\u00ealent au bourdon de Notre-Dame et aux cloches de toutes les \u00e9glises, aux sir\u00e8nes et aux exaltations qui retentissent dans tout le pays. La Victoire est l\u00e0. Enfin, en Europe, la guerre est finie. Il y a 74 ans, l\u2019Allemagne signait sa capitulation sans conditions par deux fois. La premi\u00e8re, le 7 mai 1945, \u00e0 Reims. La seconde, le soir du 8 mai, \u00e0 Berlin. Ainsi, la France s\u2019inscrivait dans le cercle des vainqueurs. Apr\u00e8s tant de combats, de victimes et de destructions, le nazisme est abattu. C\u2019est la victoire sur une id\u00e9ologie totalitaire, raciste et criminelle qui a men\u00e9 la violence jusqu\u2019\u00e0 sa plus effrayante extr\u00e9mit\u00e9. La France exprime sa reconnaissance \u00e0 toutes ses filles et \u00e0 tous ses fils qui ont combattu pour la patrie : les combattants de 1940, les Fran\u00e7ais Libres, tous ceux qui ont r\u00e9pondu \u00e0 l\u2019appel de la R\u00e9sistance, les arm\u00e9es de LECLERC et de DE LATTRE. La France se souvient des d\u00e9port\u00e9s qui ont souffert de la barbarie et des victimes des camps de la mort. La Nation n\u2019oublie pas tous ceux qui ont subi les cons\u00e9quences du conflit : les prisonniers, les victimes civiles, les veuves et les orphelins.<\/p>\n<p>La France exprime sa reconnaissance aux femmes et aux hommes, issus des nations du monde entier, qui ont conjugu\u00e9 leurs efforts pour nous lib\u00e9rer et restaurer la dignit\u00e9 humaine. En ce 75\u00e8me anniversaire de l\u2019ann\u00e9e 1944, la France se souvient de ses lib\u00e9rateurs. Des villages du littoral normand \u00e0 la fl\u00e8che de la cath\u00e9drale de Strasbourg, de semaines en semaines, le flot de la libert\u00e9 a recouvert le territoire. A tel endroit, la libert\u00e9 portait l\u2019uniforme fran\u00e7ais. A tel autre, celui des arm\u00e9es alli\u00e9es. Ici, l\u2019action des maquis \u00e9tait d\u00e9cisive. L\u00e0, l\u2019action commune des soldats et des r\u00e9sistants emportait la d\u00e9cision. 75 ans apr\u00e8s, alors que les derniers t\u00e9moins vivants de cette histoire sont parmi nous, la m\u00e9moire de ces \u00e9v\u00e9nements demeure. Nous nous souvenons avec ferveur des d\u00e9barquements de Normandie et de Provence, de la lib\u00e9ration de Paris, du courage et des sacrifices de tous les combattants de la libert\u00e9. Aujourd\u2019hui, nous nous rem\u00e9morons les d\u00e9chirures de notre continent et l\u2019ampleur du d\u00e9sastre humain et moral. Ainsi, rassembl\u00e9s, nous mesurons la valeur de la paix. Elle est notre h\u00e9ritage. Elle est la cl\u00e9 de vo\u00fbte de la construction europ\u00e9enne. Elle est notre raison de vivre ensemble. Pr\u00e9servons-l\u00e0 !<\/p>\n","protected":false},"excerpt":{"rendered":"<p>Voici le message de Genevi\u00e8ve Darrieussecq, secr\u00e9taire d\u2019Etat aupr\u00e8s de la ministre des Arm\u00e9es<\/p>\n<p class=\"continue-reading-button\"> <a class=\"continue-reading-link\" href=\"https:\/\/quebriac.fr\/webcommune\/?p=3851\">La suite&#8230;<i class=\"crycon-right-dir\"><\/i><\/a><\/p>\n","protected":false},"author":1,"featured_media":0,"comment_status":"closed","ping_status":"closed","sticky":false,"template":"","format":"standard","meta":{"footnotes":""},"categories":[15],"tags":[],"class_list":["post-3851","post","type-post","status-publish","format-standard","hentry","category-histoire"],"_links":{"self":[{"href":"https:\/\/quebriac.fr\/webcommune\/index.php?rest_route=\/wp\/v2\/posts\/3851"}],"collection":[{"href":"https:\/\/quebriac.fr\/webcommune\/index.php?rest_route=\/wp\/v2\/posts"}],"about":[{"href":"https:\/\/quebriac.fr\/webcommune\/index.php?rest_route=\/wp\/v2\/types\/post"}],"author":[{"embeddable":true,"href":"https:\/\/quebriac.fr\/webcommune\/index.php?rest_route=\/wp\/v2\/users\/1"}],"replies":[{"embeddable":true,"href":"https:\/\/quebriac.fr\/webcommune\/index.php?rest_route=%2Fwp%2Fv2%2Fcomments&post=3851"}],"version-history":[{"count":0,"href":"https:\/\/quebriac.fr\/webcommune\/index.php?rest_route=\/wp\/v2\/posts\/3851\/revisions"}],"wp:attachment":[{"href":"https:\/\/quebriac.fr\/webcommune\/index.php?rest_route=%2Fwp%2Fv2%2Fmedia&parent=3851"}],"wp:term":[{"taxonomy":"category","embeddable":true,"href":"https:\/\/quebriac.fr\/webcommune\/index.php?rest_route=%2Fwp%2Fv2%2Fcategories&post=3851"},{"taxonomy":"post_tag","embeddable":true,"href":"https:\/\/quebriac.fr\/webcommune\/index.php?rest_route=%2Fwp%2Fv2%2Ftags&post=3851"}],"curies":[{"name":"wp","href":"https:\/\/api.w.org\/{rel}","templated":true}]}}