{"id":4089,"date":"2019-09-30T08:59:00","date_gmt":"2019-09-30T06:59:00","guid":{"rendered":"https:\/\/quebriac.fr\/webcommune\/?p=4089"},"modified":"2019-09-30T08:59:00","modified_gmt":"2019-09-30T06:59:00","slug":"consultation-publique-sur-lavis-de-lautorite-environnementale-du-18-juillet-2019-dans-le-cadre-du-projet-eolien","status":"publish","type":"post","link":"https:\/\/quebriac.fr\/webcommune\/?p=4089","title":{"rendered":"Consultation publique sur l&rsquo;avis de l&rsquo;Autorit\u00e9 Environnementale du 18 juillet 2019 dans le cadre du projet \u00e9olien&#8230;.."},"content":{"rendered":"<p><strong>\u00a0\u21d2<\/strong><a href=\"http:\/\/quebriac.fr\/webcommune\/wp-content\/uploads\/2019\/09\/AP-consultation-publique-du-30-ao\u00fbt-2019.pdf\">Arr\u00eat\u00e9 relatif \u00e0 l&rsquo;ouverture d&rsquo;une consultation publique.<\/a><!--more--><\/p>\n<p>&nbsp;<\/p>\n<p><img loading=\"lazy\" decoding=\"async\" class=\"wp-image-4091 alignleft\" src=\"http:\/\/quebriac.fr\/webcommune\/wp-content\/uploads\/2019\/09\/avis-de-consultation-publique-1.jpg\" alt=\"\" width=\"460\" height=\"620\" \/><\/p>\n<p>&nbsp;<\/p>\n<p>&nbsp;<\/p>\n<p>&nbsp;<\/p>\n<p>&nbsp;<\/p>\n<p>&nbsp;<\/p>\n<p>&nbsp;<\/p>\n<p>&nbsp;<\/p>\n<p>&nbsp;<\/p>\n<p>&nbsp;<\/p>\n<p>&nbsp;<\/p>\n<p>&nbsp;<\/p>\n<p>&nbsp;<\/p>\n<p>&nbsp;<\/p>\n<p>&nbsp;<\/p>\n<p>&nbsp;<\/p>\n<p>&nbsp;<\/p>\n<p><a href=\"http:\/\/www.ille-et-vilaine.gouv.fr\/Politiques-publiques\/Environnement-Risques-naturels-et-technologiques\/Installations-classees\/Installations-classees-par-Commune\/Societe-IEL-Exploitation-9-parc-eolien\" target=\"_blank\" rel=\"noopener noreferrer\">\u00a0+ <\/a><a href=\"http:\/\/www.ille-et-vilaine.gouv.fr\/Politiques-publiques\/Environnement-Risques-naturels-et-technologiques\/Installations-classees\/Installations-classees-par-Commune\/Societe-IEL-Exploitation-9-parc-eolien\" target=\"_blank\" rel=\"noopener noreferrer\">d&rsquo;infos&#8230;&#8230;<\/a><\/p>\n<p>&nbsp;<\/p>\n<p>&nbsp;<\/p>\n<p>mail \u00a0: \u00a0<a href=\"mailto:pref-icpe-ep@ille-et-vilaine.gouv.fr\">pref-icpe-ep@ille-et-vilaine.gouv.fr<\/a> (en pr\u00e9cisant l&rsquo;objet du courriel : \u00ab\u00a0consultation publique &#8211; SARL I.E.L. Exploitation 9\u00a0\u00bb).<\/p>\n","protected":false},"excerpt":{"rendered":"<p>\u00a0\u21d2Arr\u00eat\u00e9 relatif \u00e0 l&rsquo;ouverture d&rsquo;une consultation publique.<\/p>\n<p class=\"continue-reading-button\"> <a class=\"continue-reading-link\" href=\"https:\/\/quebriac.fr\/webcommune\/?p=4089\">La suite&#8230;<i class=\"crycon-right-dir\"><\/i><\/a><\/p>\n","protected":false},"author":1,"featured_media":1164,"comment_status":"closed","ping_status":"closed","sticky":false,"template":"","format":"standard","meta":{"footnotes":""},"categories":[13],"tags":[],"class_list":["post-4089","post","type-post","status-publish","format-standard","has-post-thumbnail","hentry","category-environnement"],"_links":{"self":[{"href":"https:\/\/quebriac.fr\/webcommune\/index.php?rest_route=\/wp\/v2\/posts\/4089"}],"collection":[{"href":"https:\/\/quebriac.fr\/webcommune\/index.php?rest_route=\/wp\/v2\/posts"}],"about":[{"href":"https:\/\/quebriac.fr\/webcommune\/index.php?rest_route=\/wp\/v2\/types\/post"}],"author":[{"embeddable":true,"href":"https:\/\/quebriac.fr\/webcommune\/index.php?rest_route=\/wp\/v2\/users\/1"}],"replies":[{"embeddable":true,"href":"https:\/\/quebriac.fr\/webcommune\/index.php?rest_route=%2Fwp%2Fv2%2Fcomments&post=4089"}],"version-history":[{"count":0,"href":"https:\/\/quebriac.fr\/webcommune\/index.php?rest_route=\/wp\/v2\/posts\/4089\/revisions"}],"wp:featuredmedia":[{"embeddable":true,"href":"https:\/\/quebriac.fr\/webcommune\/index.php?rest_route=\/wp\/v2\/media\/1164"}],"wp:attachment":[{"href":"https:\/\/quebriac.fr\/webcommune\/index.php?rest_route=%2Fwp%2Fv2%2Fmedia&parent=4089"}],"wp:term":[{"taxonomy":"category","embeddable":true,"href":"https:\/\/quebriac.fr\/webcommune\/index.php?rest_route=%2Fwp%2Fv2%2Fcategories&post=4089"},{"taxonomy":"post_tag","embeddable":true,"href":"https:\/\/quebriac.fr\/webcommune\/index.php?rest_route=%2Fwp%2Fv2%2Ftags&post=4089"}],"curies":[{"name":"wp","href":"https:\/\/api.w.org\/{rel}","templated":true}]}}