{"id":4167,"date":"2019-09-30T08:47:20","date_gmt":"2019-09-30T06:47:20","guid":{"rendered":"https:\/\/quebriac.fr\/webcommune\/?p=4167"},"modified":"2023-04-10T17:38:15","modified_gmt":"2023-04-10T15:38:15","slug":"ma-commune-ma-sante-reunion-dinformation","status":"publish","type":"post","link":"https:\/\/quebriac.fr\/webcommune\/?p=4167","title":{"rendered":"Ma Commune Ma Sant\u00e9&#8230;&#8230;.R\u00e9union d&rsquo;Information"},"content":{"rendered":"<p>Pr\u00e9sentation d&rsquo;une mutuelle sant\u00e9.<!--more--><img loading=\"lazy\" decoding=\"async\" class=\"alignnone size-full wp-image-6158\" src=\"https:\/\/quebriac.fr\/webcommune\/wp-content\/uploads\/2019\/09\/ma-commune-ma-sante-1.jpg\" alt=\"\" width=\"637\" height=\"905\" srcset=\"https:\/\/quebriac.fr\/webcommune\/wp-content\/uploads\/2019\/09\/ma-commune-ma-sante-1.jpg 637w, https:\/\/quebriac.fr\/webcommune\/wp-content\/uploads\/2019\/09\/ma-commune-ma-sante-1-211x300.jpg 211w, https:\/\/quebriac.fr\/webcommune\/wp-content\/uploads\/2019\/09\/ma-commune-ma-sante-1-106x150.jpg 106w\" sizes=\"(max-width: 637px) 100vw, 637px\" \/><\/p>\n<p><a href=\"http:\/\/quebriac.fr\/webcommune\/wp-content\/uploads\/2019\/09\/Site-de-Qu\u00e9briac-Ma-commune-ma-sant\u00e9.pdf\">+ d&rsquo;Infos : Ma commune ma sant\u00e9<\/a><\/p>\n","protected":false},"excerpt":{"rendered":"<p>Pr\u00e9sentation d&rsquo;une mutuelle sant\u00e9.<\/p>\n<p class=\"continue-reading-button\"> <a class=\"continue-reading-link\" href=\"https:\/\/quebriac.fr\/webcommune\/?p=4167\">La suite&#8230;<i class=\"crycon-right-dir\"><\/i><\/a><\/p>\n","protected":false},"author":1,"featured_media":1915,"comment_status":"closed","ping_status":"closed","sticky":false,"template":"","format":"standard","meta":{"footnotes":""},"categories":[27],"tags":[],"class_list":["post-4167","post","type-post","status-publish","format-standard","has-post-thumbnail","hentry","category-sante"],"_links":{"self":[{"href":"https:\/\/quebriac.fr\/webcommune\/index.php?rest_route=\/wp\/v2\/posts\/4167"}],"collection":[{"href":"https:\/\/quebriac.fr\/webcommune\/index.php?rest_route=\/wp\/v2\/posts"}],"about":[{"href":"https:\/\/quebriac.fr\/webcommune\/index.php?rest_route=\/wp\/v2\/types\/post"}],"author":[{"embeddable":true,"href":"https:\/\/quebriac.fr\/webcommune\/index.php?rest_route=\/wp\/v2\/users\/1"}],"replies":[{"embeddable":true,"href":"https:\/\/quebriac.fr\/webcommune\/index.php?rest_route=%2Fwp%2Fv2%2Fcomments&post=4167"}],"version-history":[{"count":1,"href":"https:\/\/quebriac.fr\/webcommune\/index.php?rest_route=\/wp\/v2\/posts\/4167\/revisions"}],"predecessor-version":[{"id":6159,"href":"https:\/\/quebriac.fr\/webcommune\/index.php?rest_route=\/wp\/v2\/posts\/4167\/revisions\/6159"}],"wp:featuredmedia":[{"embeddable":true,"href":"https:\/\/quebriac.fr\/webcommune\/index.php?rest_route=\/wp\/v2\/media\/1915"}],"wp:attachment":[{"href":"https:\/\/quebriac.fr\/webcommune\/index.php?rest_route=%2Fwp%2Fv2%2Fmedia&parent=4167"}],"wp:term":[{"taxonomy":"category","embeddable":true,"href":"https:\/\/quebriac.fr\/webcommune\/index.php?rest_route=%2Fwp%2Fv2%2Fcategories&post=4167"},{"taxonomy":"post_tag","embeddable":true,"href":"https:\/\/quebriac.fr\/webcommune\/index.php?rest_route=%2Fwp%2Fv2%2Ftags&post=4167"}],"curies":[{"name":"wp","href":"https:\/\/api.w.org\/{rel}","templated":true}]}}