{"id":4323,"date":"2019-11-28T16:15:17","date_gmt":"2019-11-28T14:15:17","guid":{"rendered":"https:\/\/quebriac.fr\/webcommune\/?p=4323"},"modified":"2021-03-08T18:14:03","modified_gmt":"2021-03-08T16:14:03","slug":"reunion-publique-mardi-10-decembre-2019","status":"publish","type":"post","link":"https:\/\/quebriac.fr\/webcommune\/?p=4323","title":{"rendered":"R\u00e9union Publique : mardi 10 d\u00e9cembre 2019"},"content":{"rendered":"<p>Pr\u00e9sentation et \u00e9change sur le projet d&rsquo;am\u00e9nagement du secteur Est du bourg. <!--more--><img loading=\"lazy\" decoding=\"async\" class=\"alignnone size-full wp-image-6145\" src=\"https:\/\/quebriac.fr\/webcommune\/wp-content\/uploads\/2021\/03\/reunion-publique-10-12-2019.jpg\" alt=\"\" width=\"648\" height=\"899\" srcset=\"https:\/\/quebriac.fr\/webcommune\/wp-content\/uploads\/2021\/03\/reunion-publique-10-12-2019.jpg 648w, https:\/\/quebriac.fr\/webcommune\/wp-content\/uploads\/2021\/03\/reunion-publique-10-12-2019-216x300.jpg 216w, https:\/\/quebriac.fr\/webcommune\/wp-content\/uploads\/2021\/03\/reunion-publique-10-12-2019-108x150.jpg 108w\" sizes=\"(max-width: 648px) 100vw, 648px\" \/><\/p>\n<p>&nbsp;<\/p>\n","protected":false},"excerpt":{"rendered":"<p>Pr\u00e9sentation et \u00e9change sur le projet d&rsquo;am\u00e9nagement du secteur Est du bourg.<\/p>\n<p class=\"continue-reading-button\"> <a class=\"continue-reading-link\" href=\"https:\/\/quebriac.fr\/webcommune\/?p=4323\">La suite&#8230;<i class=\"crycon-right-dir\"><\/i><\/a><\/p>\n","protected":false},"author":1,"featured_media":1130,"comment_status":"closed","ping_status":"closed","sticky":false,"template":"","format":"standard","meta":{"footnotes":""},"categories":[16],"tags":[],"class_list":["post-4323","post","type-post","status-publish","format-standard","has-post-thumbnail","hentry","category-la-vie-communale"],"_links":{"self":[{"href":"https:\/\/quebriac.fr\/webcommune\/index.php?rest_route=\/wp\/v2\/posts\/4323"}],"collection":[{"href":"https:\/\/quebriac.fr\/webcommune\/index.php?rest_route=\/wp\/v2\/posts"}],"about":[{"href":"https:\/\/quebriac.fr\/webcommune\/index.php?rest_route=\/wp\/v2\/types\/post"}],"author":[{"embeddable":true,"href":"https:\/\/quebriac.fr\/webcommune\/index.php?rest_route=\/wp\/v2\/users\/1"}],"replies":[{"embeddable":true,"href":"https:\/\/quebriac.fr\/webcommune\/index.php?rest_route=%2Fwp%2Fv2%2Fcomments&post=4323"}],"version-history":[{"count":1,"href":"https:\/\/quebriac.fr\/webcommune\/index.php?rest_route=\/wp\/v2\/posts\/4323\/revisions"}],"predecessor-version":[{"id":6146,"href":"https:\/\/quebriac.fr\/webcommune\/index.php?rest_route=\/wp\/v2\/posts\/4323\/revisions\/6146"}],"wp:featuredmedia":[{"embeddable":true,"href":"https:\/\/quebriac.fr\/webcommune\/index.php?rest_route=\/wp\/v2\/media\/1130"}],"wp:attachment":[{"href":"https:\/\/quebriac.fr\/webcommune\/index.php?rest_route=%2Fwp%2Fv2%2Fmedia&parent=4323"}],"wp:term":[{"taxonomy":"category","embeddable":true,"href":"https:\/\/quebriac.fr\/webcommune\/index.php?rest_route=%2Fwp%2Fv2%2Fcategories&post=4323"},{"taxonomy":"post_tag","embeddable":true,"href":"https:\/\/quebriac.fr\/webcommune\/index.php?rest_route=%2Fwp%2Fv2%2Ftags&post=4323"}],"curies":[{"name":"wp","href":"https:\/\/api.w.org\/{rel}","templated":true}]}}