{"id":4386,"date":"2019-12-17T16:45:56","date_gmt":"2019-12-17T14:45:56","guid":{"rendered":"https:\/\/quebriac.fr\/webcommune\/?p=4386"},"modified":"2021-03-08T18:09:19","modified_gmt":"2021-03-08T16:09:19","slug":"appel-a-projet-citoyen","status":"publish","type":"post","link":"https:\/\/quebriac.fr\/webcommune\/?p=4386","title":{"rendered":"Appel \u00e0 Projet Citoyen &#8230;."},"content":{"rendered":"<p>Dans le cadre de la mise en place du Plan Climat Air Energie des Territoires, <!--more-->la Bretagne romantique a vu \u00e9merger de nombreuses demandes d\u2019habitants souhaitant porter des projets en faveur de la transition \u00e9cologique.<\/p>\n<p>Afin de les accompagner, la Communaut\u00e9 de communes a choisi de mettre en place un Appel \u00e0 Projets baptis\u00e9 <strong>\u00ab\u00a0Labo Citoyens #1 &#8211; Transition, A vous l&rsquo;action !\u00a0\u00bb<\/strong><\/p>\n<p>Ce 1er appel \u00e0 projets d\u00e9bute ces prochains jours et s&rsquo;\u00e9talera sur la majeure partie de l&rsquo;ann\u00e9e 2020.<\/p>\n<p><img loading=\"lazy\" decoding=\"async\" class=\"alignleft wp-image-4387\" src=\"http:\/\/quebriac.fr\/webcommune\/wp-content\/uploads\/2019\/12\/labo-citoyen-1.jpg\" alt=\"\" width=\"335\" height=\"460\" \/><\/p>\n<p><a href=\"https:\/\/quebriac.fr\/webcommune\/wp-content\/uploads\/2021\/03\/Labo-Citoyen-1-appel-a-projets.pdf\" target=\"_blank\" rel=\"noopener noreferrer\">+ D&rsquo;Infos&#8230;<\/a><\/p>\n<p>&nbsp;<\/p>\n","protected":false},"excerpt":{"rendered":"<p>Dans le cadre de la mise en place du Plan Climat Air Energie des Territoires,<\/p>\n<p class=\"continue-reading-button\"> <a class=\"continue-reading-link\" href=\"https:\/\/quebriac.fr\/webcommune\/?p=4386\">La suite&#8230;<i class=\"crycon-right-dir\"><\/i><\/a><\/p>\n","protected":false},"author":1,"featured_media":996,"comment_status":"closed","ping_status":"closed","sticky":false,"template":"","format":"standard","meta":{"footnotes":""},"categories":[13],"tags":[],"class_list":["post-4386","post","type-post","status-publish","format-standard","has-post-thumbnail","hentry","category-environnement"],"_links":{"self":[{"href":"https:\/\/quebriac.fr\/webcommune\/index.php?rest_route=\/wp\/v2\/posts\/4386"}],"collection":[{"href":"https:\/\/quebriac.fr\/webcommune\/index.php?rest_route=\/wp\/v2\/posts"}],"about":[{"href":"https:\/\/quebriac.fr\/webcommune\/index.php?rest_route=\/wp\/v2\/types\/post"}],"author":[{"embeddable":true,"href":"https:\/\/quebriac.fr\/webcommune\/index.php?rest_route=\/wp\/v2\/users\/1"}],"replies":[{"embeddable":true,"href":"https:\/\/quebriac.fr\/webcommune\/index.php?rest_route=%2Fwp%2Fv2%2Fcomments&post=4386"}],"version-history":[{"count":1,"href":"https:\/\/quebriac.fr\/webcommune\/index.php?rest_route=\/wp\/v2\/posts\/4386\/revisions"}],"predecessor-version":[{"id":6144,"href":"https:\/\/quebriac.fr\/webcommune\/index.php?rest_route=\/wp\/v2\/posts\/4386\/revisions\/6144"}],"wp:featuredmedia":[{"embeddable":true,"href":"https:\/\/quebriac.fr\/webcommune\/index.php?rest_route=\/wp\/v2\/media\/996"}],"wp:attachment":[{"href":"https:\/\/quebriac.fr\/webcommune\/index.php?rest_route=%2Fwp%2Fv2%2Fmedia&parent=4386"}],"wp:term":[{"taxonomy":"category","embeddable":true,"href":"https:\/\/quebriac.fr\/webcommune\/index.php?rest_route=%2Fwp%2Fv2%2Fcategories&post=4386"},{"taxonomy":"post_tag","embeddable":true,"href":"https:\/\/quebriac.fr\/webcommune\/index.php?rest_route=%2Fwp%2Fv2%2Ftags&post=4386"}],"curies":[{"name":"wp","href":"https:\/\/api.w.org\/{rel}","templated":true}]}}