{"id":4623,"date":"2020-03-19T12:03:49","date_gmt":"2020-03-19T10:03:49","guid":{"rendered":"https:\/\/quebriac.fr\/webcommune\/?p=4623"},"modified":"2020-03-19T12:03:49","modified_gmt":"2020-03-19T10:03:49","slug":"solidarite-face-a-lepidemie-de-coronavirus-a-quebriac","status":"publish","type":"post","link":"https:\/\/quebriac.fr\/webcommune\/?p=4623","title":{"rendered":"Solidarit\u00e9 face \u00e0 l\u2019\u00e9pid\u00e9mie de coronavirus \u00e0 Qu\u00e9briac&#8230;&#8230;"},"content":{"rendered":"<p>Ce message est destin\u00e9 aux habitants de Qu\u00e9briac et \u00e0 l\u2019attention des personnes les plus fragiles<!--more--><\/p>\n<p>En cette p\u00e9riode difficile pour tous, il est bon de rappeler <strong>quelques consignes essentielles.<\/strong><\/p>\n<p>Le 16 mars 2020, le Pr\u00e9sident de la R\u00e9publique a d\u00e9cid\u00e9 de prendre des mesures <strong>pour r\u00e9duire \u00e0 leur plus strict minimum les contacts et les d\u00e9placements.<\/strong> Un dispositif de confinement est mis en place sur l\u2019ensemble du territoire \u00e0 compter du mardi 17 mars \u00e0 12h00, pour quinze jours minimum.<\/p>\n<p>Une attention et un suivi particuliers seront assur\u00e9s aupr\u00e8s des personnes \u00e2g\u00e9es, en particulier celles isol\u00e9es et les plus fragiles par la Mairie et le Centre Communal d\u2019Action Sociale.<\/p>\n<p>Ainsi, merci de contacter\u00a0:<\/p>\n<p><strong>La Mairie de Qu\u00e9briac au 02 99 68 03 52 (laissez un message)<br \/>\n<\/strong><\/p>\n<p>si besoin et dans le cas \u00e9galement o\u00f9 vous auriez connaissance de personnes isol\u00e9es dans votre entourage.<\/p>\n<p>Cette solidarit\u00e9 peut prendre plusieurs formes\u00a0: mise en relation avec un service comp\u00e9tent, avec le r\u00e9seau de solidarit\u00e9 de la commune \u00ab\u00a0Les Veilleurs\u00a0\u00bb pour toutes les petites courses alimentaires ou pharmaceutiques urgentes ou toute autre aide n\u00e9cessitant une r\u00e9ponse rapide.<\/p>\n<p>Enfin, nous faisons appel au civisme de chacun pour prendre des nouvelles de vos proches de pr\u00e9f\u00e9rence par t\u00e9l\u00e9phone, en limitant les contacts physiques ou en gardant une distance appropri\u00e9e.<\/p>\n<p>&nbsp;<\/p>\n","protected":false},"excerpt":{"rendered":"<p>Ce message est destin\u00e9 aux habitants de Qu\u00e9briac et \u00e0 l\u2019attention des personnes les plus fragiles<\/p>\n<p class=\"continue-reading-button\"> <a class=\"continue-reading-link\" href=\"https:\/\/quebriac.fr\/webcommune\/?p=4623\">La suite&#8230;<i class=\"crycon-right-dir\"><\/i><\/a><\/p>\n","protected":false},"author":1,"featured_media":2268,"comment_status":"closed","ping_status":"closed","sticky":false,"template":"","format":"standard","meta":{"footnotes":""},"categories":[16],"tags":[],"class_list":["post-4623","post","type-post","status-publish","format-standard","has-post-thumbnail","hentry","category-la-vie-communale"],"_links":{"self":[{"href":"https:\/\/quebriac.fr\/webcommune\/index.php?rest_route=\/wp\/v2\/posts\/4623"}],"collection":[{"href":"https:\/\/quebriac.fr\/webcommune\/index.php?rest_route=\/wp\/v2\/posts"}],"about":[{"href":"https:\/\/quebriac.fr\/webcommune\/index.php?rest_route=\/wp\/v2\/types\/post"}],"author":[{"embeddable":true,"href":"https:\/\/quebriac.fr\/webcommune\/index.php?rest_route=\/wp\/v2\/users\/1"}],"replies":[{"embeddable":true,"href":"https:\/\/quebriac.fr\/webcommune\/index.php?rest_route=%2Fwp%2Fv2%2Fcomments&post=4623"}],"version-history":[{"count":0,"href":"https:\/\/quebriac.fr\/webcommune\/index.php?rest_route=\/wp\/v2\/posts\/4623\/revisions"}],"wp:featuredmedia":[{"embeddable":true,"href":"https:\/\/quebriac.fr\/webcommune\/index.php?rest_route=\/wp\/v2\/media\/2268"}],"wp:attachment":[{"href":"https:\/\/quebriac.fr\/webcommune\/index.php?rest_route=%2Fwp%2Fv2%2Fmedia&parent=4623"}],"wp:term":[{"taxonomy":"category","embeddable":true,"href":"https:\/\/quebriac.fr\/webcommune\/index.php?rest_route=%2Fwp%2Fv2%2Fcategories&post=4623"},{"taxonomy":"post_tag","embeddable":true,"href":"https:\/\/quebriac.fr\/webcommune\/index.php?rest_route=%2Fwp%2Fv2%2Ftags&post=4623"}],"curies":[{"name":"wp","href":"https:\/\/api.w.org\/{rel}","templated":true}]}}