{"id":4731,"date":"2020-05-12T16:16:22","date_gmt":"2020-05-12T14:16:22","guid":{"rendered":"https:\/\/quebriac.fr\/webcommune\/?p=4731"},"modified":"2020-05-12T16:16:22","modified_gmt":"2020-05-12T14:16:22","slug":"information-reouverture-bibliotheque","status":"publish","type":"post","link":"https:\/\/quebriac.fr\/webcommune\/?p=4731","title":{"rendered":"Information r\u00e9ouverture biblioth\u00e8que&#8230;.."},"content":{"rendered":"<p>D\u00e8s le mardi 12 mai, la biblioth\u00e8que de Qu\u00e9briac vous propose <!--more-->un acc\u00e8s direct et indirect aux collections dans le respect des r\u00e8gles sanitaires gouvernementales en vigueur.<\/p>\n<p>Attention, toutes les biblioth\u00e8ques du r\u00e9seau ne proposeront pas ces services d\u00e8s le 12 mai. Nous vous conseillons de les contacter si besoin. Ainsi, les navettes entre les biblioth\u00e8ques du r\u00e9seau ne seront pas assur\u00e9es avant le mois de juin.<\/p>\n<p>Trois services\u00a0:<\/p>\n<p>1) Je me d\u00e9place et choisis directement \u00e0 la biblioth\u00e8que de Qu\u00e9briac (horaires inchang\u00e9s)<\/p>\n<p>Accueil de 7 personnes maximum en m\u00eame temps dans l\u2019enceinte de la biblioth\u00e8que (respect des mesures de distanciation physique)<\/p>\n<p>Port du <strong>masque obligatoire<\/strong> pour toutes personnes entrantes<\/p>\n<p>Une entr\u00e9e (c\u00f4t\u00e9 nord), une sortie \u00ab\u00a0rue de la libert\u00e9\u00a0\u00bb<\/p>\n<p>D\u00e9p\u00f4t des retours de documents dans une caisse \u00e0 l\u2019entr\u00e9e. Les documents seront mis en quarantaine (10 jours).<\/p>\n<p>Lavage des mains au <strong>gel hydroalcoolique obligatoire <\/strong>(pas de gants) avant l\u2019acc\u00e8s direct aux collections<\/p>\n<p>Pas de lecture sur place<\/p>\n<p>Pr\u00eat des documents en libre-service (avec aide si besoin)<\/p>\n<p>&nbsp;<\/p>\n<p>2) Je choisis et r\u00e9serve sur le portail (Drive)<\/p>\n<p>Connexion au site du r\u00e9seau des biblioth\u00e8ques de la Bretagne romantique\u00a0: <em><u>bibliotheques.bretagneromantique.fr<\/u><\/em><\/p>\n<p>Je m\u2019identifie (num\u00e9ro de carte lecteur \u2013 mot de passe (premi\u00e8re connexion JJMMAAAA de naissance)<\/p>\n<p>Je r\u00e9serve<\/p>\n<p>Nous vous contactons afin de fixer un RDV pour la remise de vos r\u00e9servations.<\/p>\n<p>Reprise et remise des documents \u00e0 l\u2019ext\u00e9rieur de la biblioth\u00e8que.<\/p>\n<p>&nbsp;<\/p>\n<p>3) Portage \u00e0 domicile ou r\u00e9servation par t\u00e9l\u00e9phone (pas acc\u00e8s \u00e0 internet)<\/p>\n<p>Ce service s\u2019adresse uniquement aux personnes ne pouvant se d\u00e9placer (ou n\u2019ayant personne dans son entourage pouvant venir chercher les documents \u00e0 la biblioth\u00e8que) et\/ou les personnes n\u2019ayant pas acc\u00e8s \u00e0 internet.<\/p>\n<p>Nous contacter (t\u00e9l\u00e9phoner de pr\u00e9f\u00e9rence en dehors des heures d\u2019ouverture publiques)<\/p>\n<p>&nbsp;<\/p>\n<p>Pour tout renseignement, vous pouvez nous joindre<\/p>\n<p>Mail\u00a0: <a href=\"mailto:jetulis@quebriac.fr\">jetulis@quebriac.fr<\/a><\/p>\n<p>T\u00e9l\u00e9phone\u00a0: 02 99 68 11 64<\/p>\n<p>&nbsp;<\/p>\n<p>Bonne reprise \u00e0 tous<\/p>\n<p>A tr\u00e8s bient\u00f4t<\/p>\n<p>L\u2019\u00e9quipe de la biblioth\u00e8que<\/p>\n<p>&nbsp;<\/p>\n","protected":false},"excerpt":{"rendered":"<p>D\u00e8s le mardi 12 mai, la biblioth\u00e8que de Qu\u00e9briac vous propose<\/p>\n<p class=\"continue-reading-button\"> <a class=\"continue-reading-link\" href=\"https:\/\/quebriac.fr\/webcommune\/?p=4731\">La suite&#8230;<i class=\"crycon-right-dir\"><\/i><\/a><\/p>\n","protected":false},"author":1,"featured_media":792,"comment_status":"closed","ping_status":"closed","sticky":false,"template":"","format":"standard","meta":{"footnotes":""},"categories":[7],"tags":[],"class_list":["post-4731","post","type-post","status-publish","format-standard","has-post-thumbnail","hentry","category-bibliotheque"],"_links":{"self":[{"href":"https:\/\/quebriac.fr\/webcommune\/index.php?rest_route=\/wp\/v2\/posts\/4731"}],"collection":[{"href":"https:\/\/quebriac.fr\/webcommune\/index.php?rest_route=\/wp\/v2\/posts"}],"about":[{"href":"https:\/\/quebriac.fr\/webcommune\/index.php?rest_route=\/wp\/v2\/types\/post"}],"author":[{"embeddable":true,"href":"https:\/\/quebriac.fr\/webcommune\/index.php?rest_route=\/wp\/v2\/users\/1"}],"replies":[{"embeddable":true,"href":"https:\/\/quebriac.fr\/webcommune\/index.php?rest_route=%2Fwp%2Fv2%2Fcomments&post=4731"}],"version-history":[{"count":0,"href":"https:\/\/quebriac.fr\/webcommune\/index.php?rest_route=\/wp\/v2\/posts\/4731\/revisions"}],"wp:featuredmedia":[{"embeddable":true,"href":"https:\/\/quebriac.fr\/webcommune\/index.php?rest_route=\/wp\/v2\/media\/792"}],"wp:attachment":[{"href":"https:\/\/quebriac.fr\/webcommune\/index.php?rest_route=%2Fwp%2Fv2%2Fmedia&parent=4731"}],"wp:term":[{"taxonomy":"category","embeddable":true,"href":"https:\/\/quebriac.fr\/webcommune\/index.php?rest_route=%2Fwp%2Fv2%2Fcategories&post=4731"},{"taxonomy":"post_tag","embeddable":true,"href":"https:\/\/quebriac.fr\/webcommune\/index.php?rest_route=%2Fwp%2Fv2%2Ftags&post=4731"}],"curies":[{"name":"wp","href":"https:\/\/api.w.org\/{rel}","templated":true}]}}