{"id":4814,"date":"2020-06-12T17:54:05","date_gmt":"2020-06-12T15:54:05","guid":{"rendered":"https:\/\/quebriac.fr\/webcommune\/?p=4814"},"modified":"2020-06-12T17:54:05","modified_gmt":"2020-06-12T15:54:05","slug":"distribution-complementaire-de-masques-ou-visieres","status":"publish","type":"post","link":"https:\/\/quebriac.fr\/webcommune\/?p=4814","title":{"rendered":"Distribution compl\u00e9mentaire de masques ou visi\u00e8res&#8230;&#8230;."},"content":{"rendered":"<p><strong>Distribution compl\u00e9mentaire de masques ou visi\u00e8res, command\u00e9s par la Communaut\u00e9 de Communes Bretagne Romantique<\/strong><!--more--><\/p>\n<p>1)\u00a0\u00a0\u00a0\u00a0\u00a0 Des masques en tissus, <strong>\u00e0 destination de la population. (1 masque \/ habitant)<\/strong><\/p>\n<p><img loading=\"lazy\" decoding=\"async\" class=\"n3VNCb alignleft\" src=\"https:\/\/mvistatic.com\/photosmvi\/2020\/05\/16\/P22855095D4102074G.jpg\" alt=\"Combourg. La distribution de masques d\u00e9butera samedi - Redon ...\" width=\"157\" height=\"103\" data-noaft=\"1\" \/><\/p>\n<p>Toutes les personnes (enfants et adultes) qui ne sont pas encore en possession de ce masque peuvent le r\u00e9cup\u00e9rer aupr\u00e8s de l\u2019accueil de la Mairie. Se munir du livret de famille et de l\u2019avis de passage remis dans les boites aux lettres.<\/p>\n<p>&nbsp;<\/p>\n<p>2)\u00a0\u00a0\u00a0\u00a0\u00a0 Des masques visi\u00e8res <strong>\u00e0 destination des entreprises, commer\u00e7ants et associations <img loading=\"lazy\" decoding=\"async\" class=\"n3VNCb alignleft\" src=\"https:\/\/www.avospanneaux.com\/1336-large_default\/visiere-anti-projection-protection-non-epi.jpg\" alt=\"Visi\u00e8re Anti Projection (Protection Non EPI)\" width=\"166\" height=\"166\" data-noaft=\"1\" \/><br \/>\n<\/strong><\/p>\n<p>Ils n\u2019ont pas tous \u00e9t\u00e9 r\u00e9cup\u00e9r\u00e9s. Se pr\u00e9senter \u00e9galement \u00e0 l\u2019accueil de la Mairie pour \u00e9margement.<\/p>\n","protected":false},"excerpt":{"rendered":"<p>Distribution compl\u00e9mentaire de masques ou visi\u00e8res, command\u00e9s par la Communaut\u00e9 de Communes Bretagne Romantique<\/p>\n<p class=\"continue-reading-button\"> <a class=\"continue-reading-link\" href=\"https:\/\/quebriac.fr\/webcommune\/?p=4814\">La suite&#8230;<i class=\"crycon-right-dir\"><\/i><\/a><\/p>\n","protected":false},"author":1,"featured_media":4754,"comment_status":"closed","ping_status":"closed","sticky":false,"template":"","format":"standard","meta":{"footnotes":""},"categories":[16],"tags":[],"class_list":["post-4814","post","type-post","status-publish","format-standard","has-post-thumbnail","hentry","category-la-vie-communale"],"_links":{"self":[{"href":"https:\/\/quebriac.fr\/webcommune\/index.php?rest_route=\/wp\/v2\/posts\/4814"}],"collection":[{"href":"https:\/\/quebriac.fr\/webcommune\/index.php?rest_route=\/wp\/v2\/posts"}],"about":[{"href":"https:\/\/quebriac.fr\/webcommune\/index.php?rest_route=\/wp\/v2\/types\/post"}],"author":[{"embeddable":true,"href":"https:\/\/quebriac.fr\/webcommune\/index.php?rest_route=\/wp\/v2\/users\/1"}],"replies":[{"embeddable":true,"href":"https:\/\/quebriac.fr\/webcommune\/index.php?rest_route=%2Fwp%2Fv2%2Fcomments&post=4814"}],"version-history":[{"count":0,"href":"https:\/\/quebriac.fr\/webcommune\/index.php?rest_route=\/wp\/v2\/posts\/4814\/revisions"}],"wp:featuredmedia":[{"embeddable":true,"href":"https:\/\/quebriac.fr\/webcommune\/index.php?rest_route=\/wp\/v2\/media\/4754"}],"wp:attachment":[{"href":"https:\/\/quebriac.fr\/webcommune\/index.php?rest_route=%2Fwp%2Fv2%2Fmedia&parent=4814"}],"wp:term":[{"taxonomy":"category","embeddable":true,"href":"https:\/\/quebriac.fr\/webcommune\/index.php?rest_route=%2Fwp%2Fv2%2Fcategories&post=4814"},{"taxonomy":"post_tag","embeddable":true,"href":"https:\/\/quebriac.fr\/webcommune\/index.php?rest_route=%2Fwp%2Fv2%2Ftags&post=4814"}],"curies":[{"name":"wp","href":"https:\/\/api.w.org\/{rel}","templated":true}]}}