{"id":4912,"date":"2020-06-30T10:51:17","date_gmt":"2020-06-30T08:51:17","guid":{"rendered":"https:\/\/quebriac.fr\/webcommune\/?p=4912"},"modified":"2023-04-10T10:31:24","modified_gmt":"2023-04-10T08:31:24","slug":"la-communaute-de-communes-bretagne-romantique-a-lance-en-juin-dernier-le-fonds-soutenir","status":"publish","type":"post","link":"https:\/\/quebriac.fr\/webcommune\/?p=4912","title":{"rendered":"La Communaut\u00e9 de communes Bretagne romantique a lanc\u00e9 en juin dernier le Fonds SouTenir"},"content":{"rendered":"<p>La Communaut\u00e9 de communes Bretagne romantique a lanc\u00e9 en juin dernier le Fonds SouTenir, un fonds d\u2019urgence exceptionnel, dot\u00e9 de 250 000\u20ac, permettant aux entreprises \u00e9ligibles de recevoir une subvention de 1000\u20ac, sans contrepartie.<\/p>\n<p>Il ne reste plus que 2 semaines aux entreprises pour d\u00e9poser une demande.<\/p>\n<p>Celles-ci peuvent \u00eatre effectu\u00e9es jusqu&rsquo;au dimanche 4 juillet inclus, en ligne, via le site Internet www.eebr.fr<\/p>\n<p>Les services communautaires restent disponibles pour r\u00e9pondre \u00e0 toute les questions au 02 23 16 46 46 ou par mail fondsoutenir@bretagneromantique.fr<\/p>\n<p>Pour rappel :<\/p>\n<p>Les entreprises \u00e9ligibles doivent cumuler les crit\u00e8res suivants :<\/p>\n<p>\u00b7 Disposer d\u2019un local commercial<\/p>\n<p>Avoir \u00e9t\u00e9 cr\u00e9\u00e9e avant le 1er mars 2020<br \/>\nEtre localis\u00e9e sur le territoire de la Communaut\u00e9 de communes Bretagne romantique<br \/>\nEtre ind\u00e9pendante<br \/>\n\u00catre \u00e0 jour de ses obligations l\u00e9gales, sociales et fiscales<br \/>\nAvoir 10 salari\u00e9s etp au plus (hors g\u00e9rant\/apprentis)<br \/>\nAvoir per\u00e7u le Fonds National de Solidarit\u00e9 Volet 1 au titre du mois d\u2019avril<br \/>\nLes compl\u00e9ments d\u2019activit\u00e9 sont in\u00e9ligibles<\/p>\n<p>Les entreprises suivantes sont in\u00e9ligibles :<\/p>\n<p>Artisans de la construction<br \/>\nPharmacie, m\u00e9dical, param\u00e9dical<br \/>\nCommerces (alimentaires ou non) sur \u00e9ventaires et march\u00e9s<br \/>\nVente \u00e0 distance ou vente \u00e0 domicile<br \/>\nCommerce de gros<br \/>\nG\u00eetes et chambres d\u2019h\u00f4te<br \/>\nCampings<br \/>\nLes agences prestataires de services (immobili\u00e8res, financi\u00e8res, de voyages&#8230;)<br \/>\nLes activit\u00e9s de services \u00e0 la personne (portage de repas, m\u00e9nage \u2026)<br \/>\nLes professions lib\u00e9rales<br \/>\nLes activit\u00e9s scientifiques et techniques<br \/>\nAgriculture, transports, industrie, information<\/p>\n","protected":false},"excerpt":{"rendered":"<p>La Communaut\u00e9 de communes Bretagne romantique a lanc\u00e9 en juin dernier le Fonds SouTenir, un fonds d\u2019urgence exceptionnel, dot\u00e9 de 250 000\u20ac, permettant aux entreprises \u00e9ligibles de recevoir une subvention\u2026<\/p>\n<p class=\"continue-reading-button\"> <a class=\"continue-reading-link\" href=\"https:\/\/quebriac.fr\/webcommune\/?p=4912\">La suite&#8230;<i class=\"crycon-right-dir\"><\/i><\/a><\/p>\n","protected":false},"author":1,"featured_media":1762,"comment_status":"closed","ping_status":"closed","sticky":false,"template":"","format":"standard","meta":{"footnotes":""},"categories":[8],"tags":[],"class_list":["post-4912","post","type-post","status-publish","format-standard","has-post-thumbnail","hentry","category-bretagne-romantique"],"_links":{"self":[{"href":"https:\/\/quebriac.fr\/webcommune\/index.php?rest_route=\/wp\/v2\/posts\/4912"}],"collection":[{"href":"https:\/\/quebriac.fr\/webcommune\/index.php?rest_route=\/wp\/v2\/posts"}],"about":[{"href":"https:\/\/quebriac.fr\/webcommune\/index.php?rest_route=\/wp\/v2\/types\/post"}],"author":[{"embeddable":true,"href":"https:\/\/quebriac.fr\/webcommune\/index.php?rest_route=\/wp\/v2\/users\/1"}],"replies":[{"embeddable":true,"href":"https:\/\/quebriac.fr\/webcommune\/index.php?rest_route=%2Fwp%2Fv2%2Fcomments&post=4912"}],"version-history":[{"count":1,"href":"https:\/\/quebriac.fr\/webcommune\/index.php?rest_route=\/wp\/v2\/posts\/4912\/revisions"}],"predecessor-version":[{"id":9282,"href":"https:\/\/quebriac.fr\/webcommune\/index.php?rest_route=\/wp\/v2\/posts\/4912\/revisions\/9282"}],"wp:featuredmedia":[{"embeddable":true,"href":"https:\/\/quebriac.fr\/webcommune\/index.php?rest_route=\/wp\/v2\/media\/1762"}],"wp:attachment":[{"href":"https:\/\/quebriac.fr\/webcommune\/index.php?rest_route=%2Fwp%2Fv2%2Fmedia&parent=4912"}],"wp:term":[{"taxonomy":"category","embeddable":true,"href":"https:\/\/quebriac.fr\/webcommune\/index.php?rest_route=%2Fwp%2Fv2%2Fcategories&post=4912"},{"taxonomy":"post_tag","embeddable":true,"href":"https:\/\/quebriac.fr\/webcommune\/index.php?rest_route=%2Fwp%2Fv2%2Ftags&post=4912"}],"curies":[{"name":"wp","href":"https:\/\/api.w.org\/{rel}","templated":true}]}}