{"id":4947,"date":"2020-07-04T09:40:47","date_gmt":"2020-07-04T07:40:47","guid":{"rendered":"https:\/\/quebriac.fr\/webcommune\/?p=4947"},"modified":"2020-07-04T09:40:47","modified_gmt":"2020-07-04T07:40:47","slug":"bien-vivre-en-bretagne-romantique","status":"publish","type":"post","link":"https:\/\/quebriac.fr\/webcommune\/?p=4947","title":{"rendered":"Bien Vivre en Bretagne Romantique"},"content":{"rendered":"<div class=\"ox-931520bb2e-p-rich_text_section_oo_editor_Editor_4_sandBox \">Durant le confinement, un groupe Bien Vivre en Bretagne Romantique s&rsquo;est cr\u00e9\u00e9 avec pour ambition d&rsquo;amplifier, relier et renforcer ce qui existe sur notre territoire pour participer \u00e0 sa souverainet\u00e9 alimentaire d&rsquo;une part mais aussi tout simplement se r\u00e9concilier avec nos bassins de vie \u00e0 travers la n\u00e9cessit\u00e9 de soigner son paysage, sa biodiversit\u00e9, penser ses d\u00e9placements etc&#8230;<\/div>\n<div class=\"ox-931520bb2e-p-rich_text_section_oo_editor_Editor_4_sandBox \"><\/div>\n<div class=\"ox-931520bb2e-p-rich_text_section_oo_editor_Editor_4_sandBox \">Le Dimanche 19 juillet nous organisons un pique nique g\u00e9ant autour des \u00e9tangs de la Chapelle aux Filtzm\u00e9ens, ouvert \u00e0 tous les habitants de notre bassin de vie. Rendez-vous \u00e0 partir de 12h30 pr\u00e8s des \u00e9tangs de la Chapelle aux Filtzm\u00e9ens, \u00e0 c\u00f4t\u00e9 du si\u00e8ge de la Communaut\u00e9 de Communes de Bretagne Romantique.<\/div>\n<div><span style=\"color: #ffffff;\">.<\/span><\/div>\n<div class=\"ox-931520bb2e-p-rich_text_section_oo_editor_Editor_4_sandBox \"><strong>Organisation<\/strong><\/div>\n<ul class=\"ox-931520bb2e-p-rich_text_list_oo_editor_Editor_4_sandBox ox-931520bb2e-p-rich_text_list__bullet_oo_editor_Editor_4_sandBox \">\n<li>Pas d&rsquo;organisation particuli\u00e8re<\/li>\n<li>chacun vient avec ses nappes, son panier de victuailles<\/li>\n<li>sa table, son parasol, son chapeau et ses lunettes de soleil ( bien s\u00fbr qu&rsquo;il fera beau!!)<\/li>\n<li>\u00a0Bonne humeur obligatoire pour partager ce moment convivial.<\/li>\n<li>Quelques tables sont \u00e0 disposition pour les personnes \u00e2g\u00e9es.<\/li>\n<li>il y a des toilettes sur place.<\/li>\n<li>Partie de p\u00e9tanques, de palets possibles.<\/li>\n<li>Nombreux parking sur place<\/li>\n<\/ul>\n<div class=\"ox-931520bb2e-p-rich_text_section_oo_editor_Editor_4_sandBox \"><strong>Qui peut venir ?<\/strong><\/div>\n<ul class=\"ox-931520bb2e-p-rich_text_list_oo_editor_Editor_4_sandBox ox-931520bb2e-p-rich_text_list__bullet_oo_editor_Editor_4_sandBox \">\n<li>Tous les habitants de Bretagne Romantique et territoires voisins.<\/li>\n<li>Les associations et clubs culturels et\/ou sportifs<\/li>\n<li>Les \u00e9lus des communes du territoire, du bassin de vie et de la communaut\u00e9 de communes de Bretaqne Romantique qui sont convi\u00e9s en famille \u00e0 partager cet instant avec les habitants.<\/li>\n<\/ul>\n<div class=\"ox-931520bb2e-p-rich_text_section_oo_editor_Editor_4_sandBox \"><strong>Qu&rsquo;est ce qui est pr\u00e9vu?<\/strong><\/div>\n<ul class=\"ox-931520bb2e-p-rich_text_list_oo_editor_Editor_4_sandBox ox-931520bb2e-p-rich_text_list__bullet_oo_editor_Editor_4_sandBox \">\n<li>Rien, juste le lieu et l&rsquo;heure de rendez vous pour le plaisir d&rsquo;\u00eatre ensemble et de partager cet instant apr\u00e8s ces derniers mois particuliers.<\/li>\n<li>Et certaines associations, producteurs locaux et artistes du territoire qui le souhaitent viendront pr\u00e9senter leurs actions et\/ ou \u00e9gayer le pique nique. (nous contacter)<\/li>\n<\/ul>\n<div class=\"ox-931520bb2e-p-rich_text_section_oo_editor_Editor_4_sandBox \"><strong>Les mesures sanitaires et hygi\u00e8nes<\/strong><\/div>\n<ul class=\"ox-931520bb2e-p-rich_text_list_oo_editor_Editor_4_sandBox ox-931520bb2e-p-rich_text_list__bullet_oo_editor_Editor_4_sandBox \">\n<li>Le terrain est grand, pas de mesures particuli\u00e8res autres que celles du bon sens.<\/li>\n<li>Distanciation, lavage de main, masque (si vous le souhaitez).<\/li>\n<li>Apporter son pique nique et ses ustensiles et gobelets ( \u00e9viter le jetable unique) .<\/li>\n<li>Dans la mesure du possible, chacun ram\u00e8nera ses d\u00e9chets. Aucune trace de cet instant partag\u00e9 ne devra rester sur place ( quelques poubelles seront toutefois \u00e0 disposition).<\/li>\n<\/ul>\n<p>&nbsp;<\/p>\n","protected":false},"excerpt":{"rendered":"<p>Durant le confinement, un groupe Bien Vivre en Bretagne Romantique s&rsquo;est cr\u00e9\u00e9 avec pour ambition d&rsquo;amplifier, relier et renforcer ce qui existe sur notre territoire pour participer \u00e0 sa souverainet\u00e9\u2026<\/p>\n<p class=\"continue-reading-button\"> <a class=\"continue-reading-link\" href=\"https:\/\/quebriac.fr\/webcommune\/?p=4947\">La suite&#8230;<i class=\"crycon-right-dir\"><\/i><\/a><\/p>\n","protected":false},"author":1,"featured_media":4949,"comment_status":"closed","ping_status":"closed","sticky":false,"template":"","format":"standard","meta":{"footnotes":""},"categories":[8],"tags":[],"class_list":["post-4947","post","type-post","status-publish","format-standard","has-post-thumbnail","hentry","category-bretagne-romantique"],"_links":{"self":[{"href":"https:\/\/quebriac.fr\/webcommune\/index.php?rest_route=\/wp\/v2\/posts\/4947"}],"collection":[{"href":"https:\/\/quebriac.fr\/webcommune\/index.php?rest_route=\/wp\/v2\/posts"}],"about":[{"href":"https:\/\/quebriac.fr\/webcommune\/index.php?rest_route=\/wp\/v2\/types\/post"}],"author":[{"embeddable":true,"href":"https:\/\/quebriac.fr\/webcommune\/index.php?rest_route=\/wp\/v2\/users\/1"}],"replies":[{"embeddable":true,"href":"https:\/\/quebriac.fr\/webcommune\/index.php?rest_route=%2Fwp%2Fv2%2Fcomments&post=4947"}],"version-history":[{"count":0,"href":"https:\/\/quebriac.fr\/webcommune\/index.php?rest_route=\/wp\/v2\/posts\/4947\/revisions"}],"wp:featuredmedia":[{"embeddable":true,"href":"https:\/\/quebriac.fr\/webcommune\/index.php?rest_route=\/wp\/v2\/media\/4949"}],"wp:attachment":[{"href":"https:\/\/quebriac.fr\/webcommune\/index.php?rest_route=%2Fwp%2Fv2%2Fmedia&parent=4947"}],"wp:term":[{"taxonomy":"category","embeddable":true,"href":"https:\/\/quebriac.fr\/webcommune\/index.php?rest_route=%2Fwp%2Fv2%2Fcategories&post=4947"},{"taxonomy":"post_tag","embeddable":true,"href":"https:\/\/quebriac.fr\/webcommune\/index.php?rest_route=%2Fwp%2Fv2%2Ftags&post=4947"}],"curies":[{"name":"wp","href":"https:\/\/api.w.org\/{rel}","templated":true}]}}