{"id":4982,"date":"2020-07-13T14:36:06","date_gmt":"2020-07-13T12:36:06","guid":{"rendered":"https:\/\/quebriac.fr\/webcommune\/?p=4982"},"modified":"2023-04-10T10:30:14","modified_gmt":"2023-04-10T08:30:14","slug":"assemblee-generale-de-lacca","status":"publish","type":"post","link":"https:\/\/quebriac.fr\/webcommune\/?p=4982","title":{"rendered":"Assembl\u00e9e g\u00e9n\u00e9rale de l&rsquo;ACCA"},"content":{"rendered":"<p>L&rsquo;assembl\u00e9e g\u00e9n\u00e9rale de l&rsquo;ACCA se tiendra le dimanche 19 juillet 2020 \u00e0 9h00 dans la cour de la salle de la Nouasse \u00e0 Qu\u00e9briac<!--more--><\/p>\n<p>Respect de la distanciation sociale.<\/p>\n<p>Port du masque obligatoire.<\/p>\n<p>lavage des mains avec du gel hydroalcoolique.<\/p>\n<p>Contact : Mr Josse<\/p>\n<p>t\u00e9l : 06 75 64 65 92<\/p>\n<p>&nbsp;<\/p>\n","protected":false},"excerpt":{"rendered":"<p>L&rsquo;assembl\u00e9e g\u00e9n\u00e9rale de l&rsquo;ACCA se tiendra le dimanche 19 juillet 2020 \u00e0 9h00 dans la cour de la salle de la Nouasse \u00e0 Qu\u00e9briac<\/p>\n<p class=\"continue-reading-button\"> <a class=\"continue-reading-link\" href=\"https:\/\/quebriac.fr\/webcommune\/?p=4982\">La suite&#8230;<i class=\"crycon-right-dir\"><\/i><\/a><\/p>\n","protected":false},"author":1,"featured_media":0,"comment_status":"closed","ping_status":"closed","sticky":false,"template":"","format":"standard","meta":{"footnotes":""},"categories":[6],"tags":[],"class_list":["post-4982","post","type-post","status-publish","format-standard","hentry","category-association"],"_links":{"self":[{"href":"https:\/\/quebriac.fr\/webcommune\/index.php?rest_route=\/wp\/v2\/posts\/4982"}],"collection":[{"href":"https:\/\/quebriac.fr\/webcommune\/index.php?rest_route=\/wp\/v2\/posts"}],"about":[{"href":"https:\/\/quebriac.fr\/webcommune\/index.php?rest_route=\/wp\/v2\/types\/post"}],"author":[{"embeddable":true,"href":"https:\/\/quebriac.fr\/webcommune\/index.php?rest_route=\/wp\/v2\/users\/1"}],"replies":[{"embeddable":true,"href":"https:\/\/quebriac.fr\/webcommune\/index.php?rest_route=%2Fwp%2Fv2%2Fcomments&post=4982"}],"version-history":[{"count":1,"href":"https:\/\/quebriac.fr\/webcommune\/index.php?rest_route=\/wp\/v2\/posts\/4982\/revisions"}],"predecessor-version":[{"id":9280,"href":"https:\/\/quebriac.fr\/webcommune\/index.php?rest_route=\/wp\/v2\/posts\/4982\/revisions\/9280"}],"wp:attachment":[{"href":"https:\/\/quebriac.fr\/webcommune\/index.php?rest_route=%2Fwp%2Fv2%2Fmedia&parent=4982"}],"wp:term":[{"taxonomy":"category","embeddable":true,"href":"https:\/\/quebriac.fr\/webcommune\/index.php?rest_route=%2Fwp%2Fv2%2Fcategories&post=4982"},{"taxonomy":"post_tag","embeddable":true,"href":"https:\/\/quebriac.fr\/webcommune\/index.php?rest_route=%2Fwp%2Fv2%2Ftags&post=4982"}],"curies":[{"name":"wp","href":"https:\/\/api.w.org\/{rel}","templated":true}]}}