{"id":5160,"date":"2020-09-08T10:34:53","date_gmt":"2020-09-08T08:34:53","guid":{"rendered":"https:\/\/quebriac.fr\/webcommune\/?p=5160"},"modified":"2021-03-08T17:32:03","modified_gmt":"2021-03-08T15:32:03","slug":"helicoptere-de-rte","status":"publish","type":"post","link":"https:\/\/quebriac.fr\/webcommune\/?p=5160","title":{"rendered":"H\u00e9licopt\u00e8re de RTE"},"content":{"rendered":"<p><!--more-->L&rsquo;h\u00e9licopt\u00e8re de RTE qui effectuera des rotations depuis la zone d\u2019activit\u00e9s Rolin du 8 au 10 septembre<\/p>\n<p><img loading=\"lazy\" decoding=\"async\" class=\"size-full wp-image-6118 aligncenter\" src=\"https:\/\/quebriac.fr\/webcommune\/wp-content\/uploads\/2020\/09\/PART_1599510525448.jpg\" alt=\"\" width=\"941\" height=\"531\" srcset=\"https:\/\/quebriac.fr\/webcommune\/wp-content\/uploads\/2020\/09\/PART_1599510525448.jpg 941w, https:\/\/quebriac.fr\/webcommune\/wp-content\/uploads\/2020\/09\/PART_1599510525448-300x169.jpg 300w, https:\/\/quebriac.fr\/webcommune\/wp-content\/uploads\/2020\/09\/PART_1599510525448-768x433.jpg 768w, https:\/\/quebriac.fr\/webcommune\/wp-content\/uploads\/2020\/09\/PART_1599510525448-150x85.jpg 150w\" sizes=\"(max-width: 941px) 100vw, 941px\" \/><\/p>\n","protected":false},"excerpt":{"rendered":"<p class=\"continue-reading-button\"> <a class=\"continue-reading-link\" href=\"https:\/\/quebriac.fr\/webcommune\/?p=5160\">La suite&#8230;<i class=\"crycon-right-dir\"><\/i><\/a><\/p>\n","protected":false},"author":1,"featured_media":3966,"comment_status":"closed","ping_status":"closed","sticky":false,"template":"","format":"standard","meta":{"footnotes":""},"categories":[13],"tags":[],"class_list":["post-5160","post","type-post","status-publish","format-standard","has-post-thumbnail","hentry","category-environnement"],"_links":{"self":[{"href":"https:\/\/quebriac.fr\/webcommune\/index.php?rest_route=\/wp\/v2\/posts\/5160"}],"collection":[{"href":"https:\/\/quebriac.fr\/webcommune\/index.php?rest_route=\/wp\/v2\/posts"}],"about":[{"href":"https:\/\/quebriac.fr\/webcommune\/index.php?rest_route=\/wp\/v2\/types\/post"}],"author":[{"embeddable":true,"href":"https:\/\/quebriac.fr\/webcommune\/index.php?rest_route=\/wp\/v2\/users\/1"}],"replies":[{"embeddable":true,"href":"https:\/\/quebriac.fr\/webcommune\/index.php?rest_route=%2Fwp%2Fv2%2Fcomments&post=5160"}],"version-history":[{"count":1,"href":"https:\/\/quebriac.fr\/webcommune\/index.php?rest_route=\/wp\/v2\/posts\/5160\/revisions"}],"predecessor-version":[{"id":6119,"href":"https:\/\/quebriac.fr\/webcommune\/index.php?rest_route=\/wp\/v2\/posts\/5160\/revisions\/6119"}],"wp:featuredmedia":[{"embeddable":true,"href":"https:\/\/quebriac.fr\/webcommune\/index.php?rest_route=\/wp\/v2\/media\/3966"}],"wp:attachment":[{"href":"https:\/\/quebriac.fr\/webcommune\/index.php?rest_route=%2Fwp%2Fv2%2Fmedia&parent=5160"}],"wp:term":[{"taxonomy":"category","embeddable":true,"href":"https:\/\/quebriac.fr\/webcommune\/index.php?rest_route=%2Fwp%2Fv2%2Fcategories&post=5160"},{"taxonomy":"post_tag","embeddable":true,"href":"https:\/\/quebriac.fr\/webcommune\/index.php?rest_route=%2Fwp%2Fv2%2Ftags&post=5160"}],"curies":[{"name":"wp","href":"https:\/\/api.w.org\/{rel}","templated":true}]}}