{"id":5209,"date":"2020-09-18T14:31:07","date_gmt":"2020-09-18T12:31:07","guid":{"rendered":"https:\/\/quebriac.fr\/webcommune\/?p=5209"},"modified":"2023-04-10T10:24:17","modified_gmt":"2023-04-10T08:24:17","slug":"travaux-rue-de-la-liberte","status":"publish","type":"post","link":"https:\/\/quebriac.fr\/webcommune\/?p=5209","title":{"rendered":"Travaux rue de la libert\u00e9"},"content":{"rendered":"<p>Des travaux li\u00e9s au d\u00e9ploiement de la fibre optique vont avoir lieu rue de la libert\u00e9 en face l&rsquo;\u00e9cole du lundi 21 au jeudi 24 septembre de 9h00 \u00e0 17h00.<\/p>\n<p>Une circulation altern\u00e9e sera mise en place et une partie du parking sera occup\u00e9e par des engins de chantier et du mat\u00e9riel.<\/p>\n<p>La mairie s&rsquo;excuse de la g\u00e8ne qui sera occasionn\u00e9e ces jours l\u00e0<\/p>\n<p>&nbsp;<\/p>\n","protected":false},"excerpt":{"rendered":"<p>Des travaux li\u00e9s au d\u00e9ploiement de la fibre optique vont avoir lieu rue de la libert\u00e9 en face l&rsquo;\u00e9cole du lundi 21 au jeudi 24 septembre de 9h00 \u00e0 17h00.\u2026<\/p>\n<p class=\"continue-reading-button\"> <a class=\"continue-reading-link\" href=\"https:\/\/quebriac.fr\/webcommune\/?p=5209\">La suite&#8230;<i class=\"crycon-right-dir\"><\/i><\/a><\/p>\n","protected":false},"author":1,"featured_media":0,"comment_status":"closed","ping_status":"closed","sticky":false,"template":"","format":"standard","meta":{"footnotes":""},"categories":[23],"tags":[],"class_list":["post-5209","post","type-post","status-publish","format-standard","hentry","category-travaux"],"_links":{"self":[{"href":"https:\/\/quebriac.fr\/webcommune\/index.php?rest_route=\/wp\/v2\/posts\/5209"}],"collection":[{"href":"https:\/\/quebriac.fr\/webcommune\/index.php?rest_route=\/wp\/v2\/posts"}],"about":[{"href":"https:\/\/quebriac.fr\/webcommune\/index.php?rest_route=\/wp\/v2\/types\/post"}],"author":[{"embeddable":true,"href":"https:\/\/quebriac.fr\/webcommune\/index.php?rest_route=\/wp\/v2\/users\/1"}],"replies":[{"embeddable":true,"href":"https:\/\/quebriac.fr\/webcommune\/index.php?rest_route=%2Fwp%2Fv2%2Fcomments&post=5209"}],"version-history":[{"count":1,"href":"https:\/\/quebriac.fr\/webcommune\/index.php?rest_route=\/wp\/v2\/posts\/5209\/revisions"}],"predecessor-version":[{"id":9276,"href":"https:\/\/quebriac.fr\/webcommune\/index.php?rest_route=\/wp\/v2\/posts\/5209\/revisions\/9276"}],"wp:attachment":[{"href":"https:\/\/quebriac.fr\/webcommune\/index.php?rest_route=%2Fwp%2Fv2%2Fmedia&parent=5209"}],"wp:term":[{"taxonomy":"category","embeddable":true,"href":"https:\/\/quebriac.fr\/webcommune\/index.php?rest_route=%2Fwp%2Fv2%2Fcategories&post=5209"},{"taxonomy":"post_tag","embeddable":true,"href":"https:\/\/quebriac.fr\/webcommune\/index.php?rest_route=%2Fwp%2Fv2%2Ftags&post=5209"}],"curies":[{"name":"wp","href":"https:\/\/api.w.org\/{rel}","templated":true}]}}