{"id":5301,"date":"2020-10-10T13:42:51","date_gmt":"2020-10-10T11:42:51","guid":{"rendered":"https:\/\/quebriac.fr\/webcommune\/?p=5301"},"modified":"2021-03-08T17:09:45","modified_gmt":"2021-03-08T15:09:45","slug":"quinzaine-infos-jeunesse","status":"publish","type":"post","link":"https:\/\/quebriac.fr\/webcommune\/?p=5301","title":{"rendered":"Quinzaine Infos Jeunesse"},"content":{"rendered":"<p>Le CRIJ Bretagne et l&rsquo;ADIJ22 s&rsquo;associent pour accompagner les r\u00e9seaux information jeunesse 22, 35 et 56 dans l&rsquo;organisation d&rsquo;une Quinzaine de l&rsquo;Information Jeunesse dans les d\u00e9partements des C\u00f4tes d&rsquo;Armor, de l&rsquo;Ille et Vilaine et du Morbihan.<\/p>\n<p><!--more--><\/p>\n<p>Pour suivre cette dynamique r\u00e9gionale, le Point Info Jeunesse Bretagne romantique propose d&rsquo;organiser un <strong>accueil\/caf\u00e9<\/strong>\u00a0convivial ouvert au public (\u00e9lus, jeunes, parents, partenaires&#8230;)<strong> tous les apr\u00e8s midis \u00e0 Tint\u00e9niac de 14h \u00e0 17h30 du 19 au 23 octobre<\/strong>. L&rsquo;objectif \u00e9tant d&rsquo;informer le public sur les missions du PIJ, d&rsquo;\u00e9changer avec l\u2019animatrice, de prendre le temps de d\u00e9couvrir l&rsquo;espace.<\/p>\n<p><a href=\"https:\/\/bretagneromantique.fr\/point-information-jeunesse-pij\/\" target=\"_blank\" rel=\"noopener noreferrer\">https:\/\/bretagneromantique.fr\/point-information-jeunesse-pij\/<\/a><\/p>\n<p><a href=\"mailto:infojeunesse@bretagneromantique.fr\">infojeunesse@bretagneromantique.fr<\/a><\/p>\n<p><img loading=\"lazy\" decoding=\"async\" class=\"alignnone size-large wp-image-6097\" src=\"https:\/\/quebriac.fr\/webcommune\/wp-content\/uploads\/2020\/10\/affiche_quinzaine_info-724x1024.jpg\" alt=\"\" width=\"724\" height=\"1024\" srcset=\"https:\/\/quebriac.fr\/webcommune\/wp-content\/uploads\/2020\/10\/affiche_quinzaine_info-724x1024.jpg 724w, https:\/\/quebriac.fr\/webcommune\/wp-content\/uploads\/2020\/10\/affiche_quinzaine_info-212x300.jpg 212w, https:\/\/quebriac.fr\/webcommune\/wp-content\/uploads\/2020\/10\/affiche_quinzaine_info-768x1087.jpg 768w, https:\/\/quebriac.fr\/webcommune\/wp-content\/uploads\/2020\/10\/affiche_quinzaine_info-106x150.jpg 106w, https:\/\/quebriac.fr\/webcommune\/wp-content\/uploads\/2020\/10\/affiche_quinzaine_info.jpg 848w\" sizes=\"(max-width: 724px) 100vw, 724px\" \/><\/p>\n<p>&nbsp;<\/p>\n","protected":false},"excerpt":{"rendered":"<p>Le CRIJ Bretagne et l&rsquo;ADIJ22 s&rsquo;associent pour accompagner les r\u00e9seaux information jeunesse 22, 35 et 56 dans l&rsquo;organisation d&rsquo;une Quinzaine de l&rsquo;Information Jeunesse dans les d\u00e9partements des C\u00f4tes d&rsquo;Armor, de\u2026<\/p>\n<p class=\"continue-reading-button\"> <a class=\"continue-reading-link\" href=\"https:\/\/quebriac.fr\/webcommune\/?p=5301\">La suite&#8230;<i class=\"crycon-right-dir\"><\/i><\/a><\/p>\n","protected":false},"author":1,"featured_media":1762,"comment_status":"closed","ping_status":"closed","sticky":false,"template":"","format":"standard","meta":{"footnotes":""},"categories":[8],"tags":[],"class_list":["post-5301","post","type-post","status-publish","format-standard","has-post-thumbnail","hentry","category-bretagne-romantique"],"_links":{"self":[{"href":"https:\/\/quebriac.fr\/webcommune\/index.php?rest_route=\/wp\/v2\/posts\/5301"}],"collection":[{"href":"https:\/\/quebriac.fr\/webcommune\/index.php?rest_route=\/wp\/v2\/posts"}],"about":[{"href":"https:\/\/quebriac.fr\/webcommune\/index.php?rest_route=\/wp\/v2\/types\/post"}],"author":[{"embeddable":true,"href":"https:\/\/quebriac.fr\/webcommune\/index.php?rest_route=\/wp\/v2\/users\/1"}],"replies":[{"embeddable":true,"href":"https:\/\/quebriac.fr\/webcommune\/index.php?rest_route=%2Fwp%2Fv2%2Fcomments&post=5301"}],"version-history":[{"count":1,"href":"https:\/\/quebriac.fr\/webcommune\/index.php?rest_route=\/wp\/v2\/posts\/5301\/revisions"}],"predecessor-version":[{"id":6098,"href":"https:\/\/quebriac.fr\/webcommune\/index.php?rest_route=\/wp\/v2\/posts\/5301\/revisions\/6098"}],"wp:featuredmedia":[{"embeddable":true,"href":"https:\/\/quebriac.fr\/webcommune\/index.php?rest_route=\/wp\/v2\/media\/1762"}],"wp:attachment":[{"href":"https:\/\/quebriac.fr\/webcommune\/index.php?rest_route=%2Fwp%2Fv2%2Fmedia&parent=5301"}],"wp:term":[{"taxonomy":"category","embeddable":true,"href":"https:\/\/quebriac.fr\/webcommune\/index.php?rest_route=%2Fwp%2Fv2%2Fcategories&post=5301"},{"taxonomy":"post_tag","embeddable":true,"href":"https:\/\/quebriac.fr\/webcommune\/index.php?rest_route=%2Fwp%2Fv2%2Ftags&post=5301"}],"curies":[{"name":"wp","href":"https:\/\/api.w.org\/{rel}","templated":true}]}}